{"id":578336,"date":"2025-01-03T13:44:57","date_gmt":"2025-01-03T19:44:57","guid":{"rendered":"https:\/\/www.zunoticia.com\/noticias-de-hidalgo\/?p=578336"},"modified":"2025-01-03T13:44:59","modified_gmt":"2025-01-03T19:44:59","slug":"ayuntamiento-reinicio-actividades-concluido-el-periodo-vacacional","status":"publish","type":"post","link":"https:\/\/www.zunoticia.com\/noticias-de-hidalgo\/2025\/01\/03\/ayuntamiento-reinicio-actividades-concluido-el-periodo-vacacional\/","title":{"rendered":"Ayuntamiento reinici\u00f3 actividades, concluido el periodo vacacional"},"content":{"rendered":"<aside class=\"mashsb-container mashsb-main mashsb-stretched\"><div class=\"mashsb-box\"><div class=\"mashsb-count mash-large\" style=\"float:left\"><div class=\"counts mashsbcount\">68<\/div><span class=\"mashsb-sharetext\">SHARES<\/span><\/div><div class=\"mashsb-buttons\"><a class=\"mashicon-facebook mash-large mash-center mashsb-noshadow\" href=\"https:\/\/www.facebook.com\/sharer.php?u=https%3A%2F%2Fwww.zunoticia.com%2Fnoticias-de-hidalgo%2F2025%2F01%2F03%2Fayuntamiento-reinicio-actividades-concluido-el-periodo-vacacional%2F\" target=\"_top\" rel=\"nofollow\"><span class=\"icon\"><\/span><span class=\"text\">Share<\/span><\/a><a class=\"mashicon-twitter mash-large mash-center mashsb-noshadow\" href=\"https:\/\/twitter.com\/intent\/tweet?text=&amp;url=https:\/\/www.zunoticia.com\/noticias-de-hidalgo\/2025\/01\/03\/ayuntamiento-reinicio-actividades-concluido-el-periodo-vacacional\/\" target=\"_top\" rel=\"nofollow\"><span class=\"icon\"><\/span><span class=\"text\">Tweet<\/span><\/a><div class=\"onoffswitch2 mash-large mashsb-noshadow\" style=\"display:none\"><\/div><\/div>\n            <\/div>\n                <div style=\"clear:both\"><\/div><div class=\"mashsb-toggle-container\"><\/div><\/aside>\n            <!-- Share buttons by mashshare.net - Version: 4.0.47-->\n<p><em>Por Salvador Altamirano\/Zunoticia<\/em><\/p>\n\n\n\n<p><strong>Atlapexco, Hgo.-<\/strong> Personal adscrito al ayuntamiento que preside Juan de Dios Nochebuena Hern\u00e1ndez, reinici\u00f3 este viernes (03 de enero), actividades de atenci\u00f3n ciudadana en todas las \u00e1reas.<\/p>\n\n\n\n<p>Lo anterior, despu\u00e9s de haber concluido el periodo vacacional de fin de a\u00f1o al que tiene derecho todo empleado municipal, el cual inici\u00f3 el 20 de diciembre del 2024 y concluy\u00f3 el 02 de enero del 2025.<\/p>\n\n\n\n<p>Es oportuno mencionar que, las \u00fanicas dependencias donde personal estuvo activo y alerta durante toda la temporada vacacional, fue personal de Protecci\u00f3n Civil (PC) y Seguridad P\u00fablica Municipal (SPM), cuyos mandos son Vidal Ortiz Gonz\u00e1lez y Joel Hern\u00e1ndez Espinoza, respectivamente.<\/p>\n\n\n\n<p>Al respecto, los titulares de ambas dependencias coincidieron al expresar que, durante toda la temporada vacacional, el personal adscrito estuvo alerta las 24 horas del d\u00eda, pero afortunadamente no hubo ning\u00fan incidente que requiriera su intervenci\u00f3n.<\/p>\n\n\n\n<p>Al haberse reiniciado este viernes las actividades en las instalaciones de la Presidencia Municipal, hay quienes acudieron desde temprano a realizar alguna gesti\u00f3n, en especial en las de m\u00e1s demanda como son el Registro del Estado Familiar y Tesorer\u00eda.<\/p>\n","protected":false},"excerpt":{"rendered":"<p>Por Salvador Altamirano\/Zunoticia Atlapexco, Hgo.- Personal adscrito al ayuntamiento que preside Juan de Dios Nochebuena Hern\u00e1ndez, reinici\u00f3 este viernes (03 de enero), actividades de atenci\u00f3n ciudadana en todas las \u00e1reas. Lo anterior, despu\u00e9s de haber concluido el periodo vacacional de fin de a\u00f1o al que tiene derecho todo empleado municipal, el cual inici\u00f3 el 20&hellip; <a class=\"more-link\" href=\"https:\/\/www.zunoticia.com\/noticias-de-hidalgo\/2025\/01\/03\/ayuntamiento-reinicio-actividades-concluido-el-periodo-vacacional\/\">Seguir leyendo <span class=\"screen-reader-text\">Ayuntamiento reinici\u00f3 actividades, concluido el periodo vacacional<\/span><\/a><\/p>\n","protected":false},"author":20,"featured_media":578337,"comment_status":"open","ping_status":"open","sticky":false,"template":"","format":"standard","meta":{"rop_custom_images_group":[],"rop_custom_messages_group":[],"rop_publish_now":"initial","rop_publish_now_accounts":{"facebook_10159540855086992_322828327761733":""},"rop_publish_now_history":[],"rop_publish_now_status":"pending","footnotes":""},"categories":[182,179],"tags":[133,229],"class_list":["post-578336","post","type-post","status-publish","format-standard","has-post-thumbnail","hentry","category-atlapexco","category-huasteca","tag-atlapexco","tag-huasteca","entry"],"_links":{"self":[{"href":"https:\/\/www.zunoticia.com\/noticias-de-hidalgo\/wp-json\/wp\/v2\/posts\/578336","targetHints":{"allow":["GET"]}}],"collection":[{"href":"https:\/\/www.zunoticia.com\/noticias-de-hidalgo\/wp-json\/wp\/v2\/posts"}],"about":[{"href":"https:\/\/www.zunoticia.com\/noticias-de-hidalgo\/wp-json\/wp\/v2\/types\/post"}],"author":[{"embeddable":true,"href":"https:\/\/www.zunoticia.com\/noticias-de-hidalgo\/wp-json\/wp\/v2\/users\/20"}],"replies":[{"embeddable":true,"href":"https:\/\/www.zunoticia.com\/noticias-de-hidalgo\/wp-json\/wp\/v2\/comments?post=578336"}],"version-history":[{"count":1,"href":"https:\/\/www.zunoticia.com\/noticias-de-hidalgo\/wp-json\/wp\/v2\/posts\/578336\/revisions"}],"predecessor-version":[{"id":578338,"href":"https:\/\/www.zunoticia.com\/noticias-de-hidalgo\/wp-json\/wp\/v2\/posts\/578336\/revisions\/578338"}],"wp:featuredmedia":[{"embeddable":true,"href":"https:\/\/www.zunoticia.com\/noticias-de-hidalgo\/wp-json\/wp\/v2\/media\/578337"}],"wp:attachment":[{"href":"https:\/\/www.zunoticia.com\/noticias-de-hidalgo\/wp-json\/wp\/v2\/media?parent=578336"}],"wp:term":[{"taxonomy":"category","embeddable":true,"href":"https:\/\/www.zunoticia.com\/noticias-de-hidalgo\/wp-json\/wp\/v2\/categories?post=578336"},{"taxonomy":"post_tag","embeddable":true,"href":"https:\/\/www.zunoticia.com\/noticias-de-hidalgo\/wp-json\/wp\/v2\/tags?post=578336"}],"curies":[{"name":"wp","href":"https:\/\/api.w.org\/{rel}","templated":true}]}}