{"id":578385,"date":"2025-01-03T16:30:37","date_gmt":"2025-01-03T22:30:37","guid":{"rendered":"https:\/\/www.zunoticia.com\/noticias-de-hidalgo\/?p=578385"},"modified":"2025-01-03T16:30:38","modified_gmt":"2025-01-03T22:30:38","slug":"la-temporada-vacacional-dejo-derrama-economica-del-80-en-el-comercio-local","status":"publish","type":"post","link":"https:\/\/www.zunoticia.com\/noticias-de-hidalgo\/2025\/01\/03\/la-temporada-vacacional-dejo-derrama-economica-del-80-en-el-comercio-local\/","title":{"rendered":"La temporada vacacional dej\u00f3 derrama econ\u00f3mica del 80 % en el comercio local"},"content":{"rendered":"<aside class=\"mashsb-container mashsb-main mashsb-stretched\"><div class=\"mashsb-box\"><div class=\"mashsb-count mash-large\" style=\"float:left\"><div class=\"counts mashsbcount\">23<\/div><span class=\"mashsb-sharetext\">SHARES<\/span><\/div><div class=\"mashsb-buttons\"><a class=\"mashicon-facebook mash-large mash-center mashsb-noshadow\" href=\"https:\/\/www.facebook.com\/sharer.php?u=https%3A%2F%2Fwww.zunoticia.com%2Fnoticias-de-hidalgo%2F2025%2F01%2F03%2Fla-temporada-vacacional-dejo-derrama-economica-del-80-en-el-comercio-local%2F\" target=\"_top\" rel=\"nofollow\"><span class=\"icon\"><\/span><span class=\"text\">Share<\/span><\/a><a class=\"mashicon-twitter mash-large mash-center mashsb-noshadow\" href=\"https:\/\/twitter.com\/intent\/tweet?text=&amp;url=https:\/\/www.zunoticia.com\/noticias-de-hidalgo\/2025\/01\/03\/la-temporada-vacacional-dejo-derrama-economica-del-80-en-el-comercio-local\/\" target=\"_top\" rel=\"nofollow\"><span class=\"icon\"><\/span><span class=\"text\">Tweet<\/span><\/a><div class=\"onoffswitch2 mash-large mashsb-noshadow\" style=\"display:none\"><\/div><\/div>\n            <\/div>\n                <div style=\"clear:both\"><\/div><div class=\"mashsb-toggle-container\"><\/div><\/aside>\n            <!-- Share buttons by mashshare.net - Version: 4.0.47-->\n<p><em>Por Salvador Altamirano\/Zunoticia<\/em><\/p>\n\n\n\n<p><strong>Atlapexco, Hgo.-<\/strong> El representante de los comerciantes permanentes en la explanada del tianguis, Francisco Domingo Silva Naranjo, manifest\u00f3 que, durante la temporada vacacional de fin de a\u00f1o arribaron muchos visitantes al municipio, los cuales consider\u00f3, dejaron una derrama econ\u00f3mica del 80 % en el comercio local.<\/p>\n\n\n\n<p>Detall\u00f3 que, el 24 y 31 de diciembre el comercio establecido en el &#8220;Mercado Netzahualc\u00f3yotl&#8221;, que comprende los sectores de los domos, gastronom\u00eda y anexos, estuvo muy concurrido.<\/p>\n\n\n\n<p>Agreg\u00f3 que, dos de los factores clim\u00e1ticos que los favoreci\u00f3 fue que no llovi\u00f3 ni hizo fr\u00edo, \u201cel clima estuvo agradable y benevolente, tanto para vendedores como compradores, quienes realizaron sus actividades con normalidad\u201d.<\/p>\n\n\n\n<p>Refiri\u00f3 que, no obstante que en Atlapexco no hay un mercado municipal como tal, ya que el comercio no est\u00e1 concentrado en una construcci\u00f3n, se le llama mercado a la explanada en donde cada viernes se instala el tianguis y diario se ubica el comercio local.<\/p>\n\n\n\n<p>Para finalizar, Silva Naranjo coment\u00f3 que, el \u00e1rea que tiene m\u00e1s afluencia cotidiana es la de gastronom\u00eda, en donde hay mucha demanda, debido a lo exquisito de los antojitos t\u00edpicos y precios accesibles, como son los bocoles y empanadas de frijol molido, entre otros.<\/p>\n","protected":false},"excerpt":{"rendered":"<p>Por Salvador Altamirano\/Zunoticia Atlapexco, Hgo.- El representante de los comerciantes permanentes en la explanada del tianguis, Francisco Domingo Silva Naranjo, manifest\u00f3 que, durante la temporada vacacional de fin de a\u00f1o arribaron muchos visitantes al municipio, los cuales consider\u00f3, dejaron una derrama econ\u00f3mica del 80 % en el comercio local. Detall\u00f3 que, el 24 y 31&hellip; <a class=\"more-link\" href=\"https:\/\/www.zunoticia.com\/noticias-de-hidalgo\/2025\/01\/03\/la-temporada-vacacional-dejo-derrama-economica-del-80-en-el-comercio-local\/\">Seguir leyendo <span class=\"screen-reader-text\">La temporada vacacional dej\u00f3 derrama econ\u00f3mica del 80 % en el comercio local<\/span><\/a><\/p>\n","protected":false},"author":20,"featured_media":578386,"comment_status":"open","ping_status":"open","sticky":false,"template":"","format":"standard","meta":{"rop_custom_images_group":[],"rop_custom_messages_group":[],"rop_publish_now":"initial","rop_publish_now_accounts":{"facebook_10159540855086992_322828327761733":""},"rop_publish_now_history":[],"rop_publish_now_status":"pending","footnotes":""},"categories":[182,179],"tags":[133,229],"class_list":["post-578385","post","type-post","status-publish","format-standard","has-post-thumbnail","hentry","category-atlapexco","category-huasteca","tag-atlapexco","tag-huasteca","entry"],"_links":{"self":[{"href":"https:\/\/www.zunoticia.com\/noticias-de-hidalgo\/wp-json\/wp\/v2\/posts\/578385","targetHints":{"allow":["GET"]}}],"collection":[{"href":"https:\/\/www.zunoticia.com\/noticias-de-hidalgo\/wp-json\/wp\/v2\/posts"}],"about":[{"href":"https:\/\/www.zunoticia.com\/noticias-de-hidalgo\/wp-json\/wp\/v2\/types\/post"}],"author":[{"embeddable":true,"href":"https:\/\/www.zunoticia.com\/noticias-de-hidalgo\/wp-json\/wp\/v2\/users\/20"}],"replies":[{"embeddable":true,"href":"https:\/\/www.zunoticia.com\/noticias-de-hidalgo\/wp-json\/wp\/v2\/comments?post=578385"}],"version-history":[{"count":1,"href":"https:\/\/www.zunoticia.com\/noticias-de-hidalgo\/wp-json\/wp\/v2\/posts\/578385\/revisions"}],"predecessor-version":[{"id":578387,"href":"https:\/\/www.zunoticia.com\/noticias-de-hidalgo\/wp-json\/wp\/v2\/posts\/578385\/revisions\/578387"}],"wp:featuredmedia":[{"embeddable":true,"href":"https:\/\/www.zunoticia.com\/noticias-de-hidalgo\/wp-json\/wp\/v2\/media\/578386"}],"wp:attachment":[{"href":"https:\/\/www.zunoticia.com\/noticias-de-hidalgo\/wp-json\/wp\/v2\/media?parent=578385"}],"wp:term":[{"taxonomy":"category","embeddable":true,"href":"https:\/\/www.zunoticia.com\/noticias-de-hidalgo\/wp-json\/wp\/v2\/categories?post=578385"},{"taxonomy":"post_tag","embeddable":true,"href":"https:\/\/www.zunoticia.com\/noticias-de-hidalgo\/wp-json\/wp\/v2\/tags?post=578385"}],"curies":[{"name":"wp","href":"https:\/\/api.w.org\/{rel}","templated":true}]}}