{"id":578410,"date":"2025-01-03T17:11:59","date_gmt":"2025-01-03T23:11:59","guid":{"rendered":"https:\/\/www.zunoticia.com\/noticias-de-hidalgo\/?p=578410"},"modified":"2025-01-03T17:12:01","modified_gmt":"2025-01-03T23:12:01","slug":"personas-de-grupos-prioritarios-en-hidalgo-obtienen-empleo-formal","status":"publish","type":"post","link":"https:\/\/www.zunoticia.com\/noticias-de-hidalgo\/2025\/01\/03\/personas-de-grupos-prioritarios-en-hidalgo-obtienen-empleo-formal\/","title":{"rendered":"Personas de grupos prioritarios en Hidalgo, obtienen empleo formal"},"content":{"rendered":"<aside class=\"mashsb-container mashsb-main mashsb-stretched\"><div class=\"mashsb-box\"><div class=\"mashsb-count mash-large\" style=\"float:left\"><div class=\"counts mashsbcount\">0<\/div><span class=\"mashsb-sharetext\">SHARES<\/span><\/div><div class=\"mashsb-buttons\"><a class=\"mashicon-facebook mash-large mash-center mashsb-noshadow\" href=\"https:\/\/www.facebook.com\/sharer.php?u=https%3A%2F%2Fwww.zunoticia.com%2Fnoticias-de-hidalgo%2F2025%2F01%2F03%2Fpersonas-de-grupos-prioritarios-en-hidalgo-obtienen-empleo-formal%2F\" target=\"_top\" rel=\"nofollow\"><span class=\"icon\"><\/span><span class=\"text\">Share<\/span><\/a><a class=\"mashicon-twitter mash-large mash-center mashsb-noshadow\" href=\"https:\/\/twitter.com\/intent\/tweet?text=&amp;url=https:\/\/www.zunoticia.com\/noticias-de-hidalgo\/2025\/01\/03\/personas-de-grupos-prioritarios-en-hidalgo-obtienen-empleo-formal\/\" target=\"_top\" rel=\"nofollow\"><span class=\"icon\"><\/span><span class=\"text\">Tweet<\/span><\/a><div class=\"onoffswitch2 mash-large mashsb-noshadow\" style=\"display:none\"><\/div><\/div>\n            <\/div>\n                <div style=\"clear:both\"><\/div><div class=\"mashsb-toggle-container\"><\/div><\/aside>\n            <!-- Share buttons by mashshare.net - Version: 4.0.47-->\n<ul class=\"wp-block-list\">\n<li>A trav\u00e9s de la Estrategia Abriendo Espacios.<\/li>\n<\/ul>\n\n\n\n<p><em>Por Redacci\u00f3n\/Zunoticia<\/em><\/p>\n\n\n\n<p><strong>Pachuca, Hgo<\/strong>.- Un eje fundamental del gobierno de Julio Menchaca Salazar es fortalecer las pol\u00edticas activas del mercado de trabajo para impulsar mayores espacios laborales enfocados a eliminar las desigualdades y hacer m\u00e1s eficiente la intermediaci\u00f3n entre los buscadores de empleo y empresas que requieren talento.<\/p>\n\n\n\n<p>As\u00ed lo se\u00f1al\u00f3 el titular de la Secretar\u00eda del Trabajo y Previsi\u00f3n Social de Hidalgo (STPSH), Oscar Javier Gonz\u00e1lez Hern\u00e1ndez, quien detall\u00f3 tambi\u00e9n que durante 2024 fueron atendidas 598 personas dentro de la Estrategia Abriendo Espacios, operada por el Servicio Nacional de Empleo Hidalgo, logrando vincular a 389 personas a una opci\u00f3n de empleo formal.<\/p>\n\n\n\n<p>Explic\u00f3 que esta estrategia permite a adultos mayores y a personas con discapacidad conocer y postularse a opciones de empleo en empresas inclusivas, al tiempo que validan sus habilidades para la vacante a la que se est\u00e1n postulando, a trav\u00e9s del Centro de Evaluaci\u00f3n de Habilidades Laborales, denominado VALPAR.<\/p>\n\n\n\n<p>Las pruebas VALPAR utilizan distintos instrumentos de evaluaci\u00f3n especializados entre los que destaca el Sistema de Muestras de Trabajo, cuyos resultados contribuyen a formar el perfil laboral que facilite la empleabilidad de las personas adultas mayores y con discapacidad.<\/p>\n\n\n\n<p>El secretario del Trabajo destac\u00f3 que se cuenta con un registro de 389 opciones laborales para desarrollarse en actividades en el sector servicios, textil, industrial, ventas, transporte, manufactura, seguridad, construcci\u00f3n, entre otros.<\/p>\n\n\n\n<p>Mencion\u00f3 que aquellas empresas que otorgan espacios de trabajo para estos sectores de la poblaci\u00f3n (ya sea con discapacidad auditiva, de lenguaje o visual, adem\u00e1s de personas de 65 a\u00f1os de edad o m\u00e1s) contribuyen a las buenas pr\u00e1cticas laborales basadas en pol\u00edticas organizacionales incluyentes, igualitarias y equitativas, de acuerdo a lo dispuesto en la legislaci\u00f3n laboral.<\/p>\n\n\n\n<p>Para acceder a este programa se pueden consultar las vacantes disponibles en el Portal del Empleo: https:\/\/www.empleo.gob.mx\/ o agendar una cita para recibir asesor\u00eda personalizada en las oficinas de la STPSH, ubicadas en la carretera Pachuca-Ciudad Sahag\u00fan, n\u00famero 1955, Parque Industrial Canacintra, en Mineral de la Reforma.<\/p>\n","protected":false},"excerpt":{"rendered":"<p>Por Redacci\u00f3n\/Zunoticia Pachuca, Hgo.- Un eje fundamental del gobierno de Julio Menchaca Salazar es fortalecer las pol\u00edticas activas del mercado de trabajo para impulsar mayores espacios laborales enfocados a eliminar las desigualdades y hacer m\u00e1s eficiente la intermediaci\u00f3n entre los buscadores de empleo y empresas que requieren talento. As\u00ed lo se\u00f1al\u00f3 el titular de la&hellip; <a class=\"more-link\" href=\"https:\/\/www.zunoticia.com\/noticias-de-hidalgo\/2025\/01\/03\/personas-de-grupos-prioritarios-en-hidalgo-obtienen-empleo-formal\/\">Seguir leyendo <span class=\"screen-reader-text\">Personas de grupos prioritarios en Hidalgo, obtienen empleo formal<\/span><\/a><\/p>\n","protected":false},"author":20,"featured_media":578411,"comment_status":"open","ping_status":"open","sticky":false,"template":"","format":"standard","meta":{"rop_custom_images_group":[],"rop_custom_messages_group":[],"rop_publish_now":"initial","rop_publish_now_accounts":{"facebook_10159540855086992_322828327761733":""},"rop_publish_now_history":[],"rop_publish_now_status":"pending","footnotes":""},"categories":[208],"tags":[214],"class_list":["post-578410","post","type-post","status-publish","format-standard","has-post-thumbnail","hentry","category-estado","tag-estado","entry"],"_links":{"self":[{"href":"https:\/\/www.zunoticia.com\/noticias-de-hidalgo\/wp-json\/wp\/v2\/posts\/578410","targetHints":{"allow":["GET"]}}],"collection":[{"href":"https:\/\/www.zunoticia.com\/noticias-de-hidalgo\/wp-json\/wp\/v2\/posts"}],"about":[{"href":"https:\/\/www.zunoticia.com\/noticias-de-hidalgo\/wp-json\/wp\/v2\/types\/post"}],"author":[{"embeddable":true,"href":"https:\/\/www.zunoticia.com\/noticias-de-hidalgo\/wp-json\/wp\/v2\/users\/20"}],"replies":[{"embeddable":true,"href":"https:\/\/www.zunoticia.com\/noticias-de-hidalgo\/wp-json\/wp\/v2\/comments?post=578410"}],"version-history":[{"count":1,"href":"https:\/\/www.zunoticia.com\/noticias-de-hidalgo\/wp-json\/wp\/v2\/posts\/578410\/revisions"}],"predecessor-version":[{"id":578412,"href":"https:\/\/www.zunoticia.com\/noticias-de-hidalgo\/wp-json\/wp\/v2\/posts\/578410\/revisions\/578412"}],"wp:featuredmedia":[{"embeddable":true,"href":"https:\/\/www.zunoticia.com\/noticias-de-hidalgo\/wp-json\/wp\/v2\/media\/578411"}],"wp:attachment":[{"href":"https:\/\/www.zunoticia.com\/noticias-de-hidalgo\/wp-json\/wp\/v2\/media?parent=578410"}],"wp:term":[{"taxonomy":"category","embeddable":true,"href":"https:\/\/www.zunoticia.com\/noticias-de-hidalgo\/wp-json\/wp\/v2\/categories?post=578410"},{"taxonomy":"post_tag","embeddable":true,"href":"https:\/\/www.zunoticia.com\/noticias-de-hidalgo\/wp-json\/wp\/v2\/tags?post=578410"}],"curies":[{"name":"wp","href":"https:\/\/api.w.org\/{rel}","templated":true}]}}