{"id":578430,"date":"2025-01-04T10:38:19","date_gmt":"2025-01-04T16:38:19","guid":{"rendered":"https:\/\/www.zunoticia.com\/noticias-de-hidalgo\/?p=578430"},"modified":"2025-01-04T10:38:21","modified_gmt":"2025-01-04T16:38:21","slug":"agradecen-a-visitantes-y-clientes-por-el-trabajo-en-el-receso-vacacional","status":"publish","type":"post","link":"https:\/\/www.zunoticia.com\/noticias-de-hidalgo\/2025\/01\/04\/agradecen-a-visitantes-y-clientes-por-el-trabajo-en-el-receso-vacacional\/","title":{"rendered":"Agradecen a visitantes y clientes por el trabajo en el receso vacacional"},"content":{"rendered":"<aside class=\"mashsb-container mashsb-main mashsb-stretched\"><div class=\"mashsb-box\"><div class=\"mashsb-count mash-large\" style=\"float:left\"><div class=\"counts mashsbcount\">0<\/div><span class=\"mashsb-sharetext\">SHARES<\/span><\/div><div class=\"mashsb-buttons\"><a class=\"mashicon-facebook mash-large mash-center mashsb-noshadow\" href=\"https:\/\/www.facebook.com\/sharer.php?u=https%3A%2F%2Fwww.zunoticia.com%2Fnoticias-de-hidalgo%2F2025%2F01%2F04%2Fagradecen-a-visitantes-y-clientes-por-el-trabajo-en-el-receso-vacacional%2F\" target=\"_top\" rel=\"nofollow\"><span class=\"icon\"><\/span><span class=\"text\">Share<\/span><\/a><a class=\"mashicon-twitter mash-large mash-center mashsb-noshadow\" href=\"https:\/\/twitter.com\/intent\/tweet?text=&amp;url=https:\/\/www.zunoticia.com\/noticias-de-hidalgo\/2025\/01\/04\/agradecen-a-visitantes-y-clientes-por-el-trabajo-en-el-receso-vacacional\/\" target=\"_top\" rel=\"nofollow\"><span class=\"icon\"><\/span><span class=\"text\">Tweet<\/span><\/a><div class=\"onoffswitch2 mash-large mashsb-noshadow\" style=\"display:none\"><\/div><\/div>\n            <\/div>\n                <div style=\"clear:both\"><\/div><div class=\"mashsb-toggle-container\"><\/div><\/aside>\n            <!-- Share buttons by mashshare.net - Version: 4.0.47-->\n<p><em>Por Karen Rivera\/ Zunoticia<\/em><\/p>\n\n\n\n<p><strong>Huejutla de Reyes, Hgo.-<\/strong> El gremio de aseadores de calzado, agradecen a los visitantes y clientes por el trabajo que les dieron durante el receso vacacional.<\/p>\n\n\n\n<p>El representante de los aseadores de calzado, Crisanto Bautista Mojica, inform\u00f3 que durante el periodo vacacional hubo movilizaci\u00f3n para el gremio, agradeciendo a los visitantes y sus clientes por el trabajo que les dieron en esta temporada.<\/p>\n\n\n\n<p>Coment\u00f3 que esto se debe a los eventos sociales que se festejan en el mes de diciembre y que significa mayor trabajo para el gremio.<\/p>\n\n\n\n<p>Mencion\u00f3 que en este 2025 esperan que les vaya mejor sobre todo en salud, porque es de d\u00f3nde parte todo.<\/p>\n\n\n\n<p>Finalmente agreg\u00f3 que para este a\u00f1o gestionar\u00e1n ante las autoridades locales beneficios para los agremiados.<\/p>\n","protected":false},"excerpt":{"rendered":"<p>Por Karen Rivera\/ Zunoticia Huejutla de Reyes, Hgo.- El gremio de aseadores de calzado, agradecen a los visitantes y clientes por el trabajo que les dieron durante el receso vacacional. El representante de los aseadores de calzado, Crisanto Bautista Mojica, inform\u00f3 que durante el periodo vacacional hubo movilizaci\u00f3n para el gremio, agradeciendo a los visitantes&hellip; <a class=\"more-link\" href=\"https:\/\/www.zunoticia.com\/noticias-de-hidalgo\/2025\/01\/04\/agradecen-a-visitantes-y-clientes-por-el-trabajo-en-el-receso-vacacional\/\">Seguir leyendo <span class=\"screen-reader-text\">Agradecen a visitantes y clientes por el trabajo en el receso vacacional<\/span><\/a><\/p>\n","protected":false},"author":23,"featured_media":578431,"comment_status":"open","ping_status":"open","sticky":false,"template":"","format":"standard","meta":{"rop_custom_images_group":[],"rop_custom_messages_group":[],"rop_publish_now":"initial","rop_publish_now_accounts":{"facebook_10159540855086992_322828327761733":""},"rop_publish_now_history":[],"rop_publish_now_status":"pending","footnotes":""},"categories":[181],"tags":[121],"class_list":["post-578430","post","type-post","status-publish","format-standard","has-post-thumbnail","hentry","category-huejutla","tag-huejutla","entry"],"_links":{"self":[{"href":"https:\/\/www.zunoticia.com\/noticias-de-hidalgo\/wp-json\/wp\/v2\/posts\/578430","targetHints":{"allow":["GET"]}}],"collection":[{"href":"https:\/\/www.zunoticia.com\/noticias-de-hidalgo\/wp-json\/wp\/v2\/posts"}],"about":[{"href":"https:\/\/www.zunoticia.com\/noticias-de-hidalgo\/wp-json\/wp\/v2\/types\/post"}],"author":[{"embeddable":true,"href":"https:\/\/www.zunoticia.com\/noticias-de-hidalgo\/wp-json\/wp\/v2\/users\/23"}],"replies":[{"embeddable":true,"href":"https:\/\/www.zunoticia.com\/noticias-de-hidalgo\/wp-json\/wp\/v2\/comments?post=578430"}],"version-history":[{"count":1,"href":"https:\/\/www.zunoticia.com\/noticias-de-hidalgo\/wp-json\/wp\/v2\/posts\/578430\/revisions"}],"predecessor-version":[{"id":578432,"href":"https:\/\/www.zunoticia.com\/noticias-de-hidalgo\/wp-json\/wp\/v2\/posts\/578430\/revisions\/578432"}],"wp:featuredmedia":[{"embeddable":true,"href":"https:\/\/www.zunoticia.com\/noticias-de-hidalgo\/wp-json\/wp\/v2\/media\/578431"}],"wp:attachment":[{"href":"https:\/\/www.zunoticia.com\/noticias-de-hidalgo\/wp-json\/wp\/v2\/media?parent=578430"}],"wp:term":[{"taxonomy":"category","embeddable":true,"href":"https:\/\/www.zunoticia.com\/noticias-de-hidalgo\/wp-json\/wp\/v2\/categories?post=578430"},{"taxonomy":"post_tag","embeddable":true,"href":"https:\/\/www.zunoticia.com\/noticias-de-hidalgo\/wp-json\/wp\/v2\/tags?post=578430"}],"curies":[{"name":"wp","href":"https:\/\/api.w.org\/{rel}","templated":true}]}}