{"id":578469,"date":"2025-01-04T16:56:27","date_gmt":"2025-01-04T22:56:27","guid":{"rendered":"https:\/\/www.zunoticia.com\/noticias-de-hidalgo\/?p=578469"},"modified":"2025-01-04T16:56:29","modified_gmt":"2025-01-04T22:56:29","slug":"murio-el-creador-de-la-danza-los-cuanegros","status":"publish","type":"post","link":"https:\/\/www.zunoticia.com\/noticias-de-hidalgo\/2025\/01\/04\/murio-el-creador-de-la-danza-los-cuanegros\/","title":{"rendered":"Muri\u00f3 el creador de la danza los Cuanegros"},"content":{"rendered":"<aside class=\"mashsb-container mashsb-main mashsb-stretched\"><div class=\"mashsb-box\"><div class=\"mashsb-count mash-large\" style=\"float:left\"><div class=\"counts mashsbcount\">60<\/div><span class=\"mashsb-sharetext\">SHARES<\/span><\/div><div class=\"mashsb-buttons\"><a class=\"mashicon-facebook mash-large mash-center mashsb-noshadow\" href=\"https:\/\/www.facebook.com\/sharer.php?u=https%3A%2F%2Fwww.zunoticia.com%2Fnoticias-de-hidalgo%2F2025%2F01%2F04%2Fmurio-el-creador-de-la-danza-los-cuanegros%2F\" target=\"_top\" rel=\"nofollow\"><span class=\"icon\"><\/span><span class=\"text\">Share<\/span><\/a><a class=\"mashicon-twitter mash-large mash-center mashsb-noshadow\" href=\"https:\/\/twitter.com\/intent\/tweet?text=&amp;url=https:\/\/www.zunoticia.com\/noticias-de-hidalgo\/2025\/01\/04\/murio-el-creador-de-la-danza-los-cuanegros\/\" target=\"_top\" rel=\"nofollow\"><span class=\"icon\"><\/span><span class=\"text\">Tweet<\/span><\/a><div class=\"onoffswitch2 mash-large mashsb-noshadow\" style=\"display:none\"><\/div><\/div>\n            <\/div>\n                <div style=\"clear:both\"><\/div><div class=\"mashsb-toggle-container\"><\/div><\/aside>\n            <!-- Share buttons by mashshare.net - Version: 4.0.47-->\n<p><em>Por Roberto Ram\u00edrez \/Zunoticia<\/em><\/p>\n\n\n\n<p><strong>Huautla, Hgo.<\/strong> &#8211; El creador de la danza los Cuanegros de la cabecera municipal de este municipio, muri\u00f3 v\u00edctima de una enfermedad que ven\u00eda padeciendo; ante tales hechos los huautlenses se sumaron al duelo de sus familiares.<\/p>\n\n\n\n<p>El se\u00f1or Juan S\u00e1nchez, dej\u00f3 de existir, quien cre\u00f3 esta danza Xantolera desde hace 50 a\u00f1os, misma que trascendi\u00f3 por diversas partes de la Rep\u00fablica Mexicana; esta noticia entristeci\u00f3 a todos los habitantes de ese municipio y quienes acudieron a ofrecer los p\u00e9sames a sus familiares.<\/p>\n\n\n\n<p>El cuerpo fue velado en su domicilio particular de Barrio bajo, de la cabecera y posteriormente le dieron sentido adi\u00f3s, luego de una misa de cuerpo presente en la iglesia San Juan Bautista. Los huautlenses reconocen a Juan S\u00e1nchez por este legado que dej\u00f3 y el impulso, as\u00ed como el rescate de este tipo de danza que le dio a la huasteca.<\/p>\n","protected":false},"excerpt":{"rendered":"<p>Por Roberto Ram\u00edrez \/Zunoticia Huautla, Hgo. &#8211; El creador de la danza los Cuanegros de la cabecera municipal de este municipio, muri\u00f3 v\u00edctima de una enfermedad que ven\u00eda padeciendo; ante tales hechos los huautlenses se sumaron al duelo de sus familiares. El se\u00f1or Juan S\u00e1nchez, dej\u00f3 de existir, quien cre\u00f3 esta danza Xantolera desde hace&hellip; <a class=\"more-link\" href=\"https:\/\/www.zunoticia.com\/noticias-de-hidalgo\/2025\/01\/04\/murio-el-creador-de-la-danza-los-cuanegros\/\">Seguir leyendo <span class=\"screen-reader-text\">Muri\u00f3 el creador de la danza los Cuanegros<\/span><\/a><\/p>\n","protected":false},"author":20,"featured_media":578470,"comment_status":"open","ping_status":"open","sticky":false,"template":"","format":"standard","meta":{"rop_custom_images_group":[],"rop_custom_messages_group":[],"rop_publish_now":"initial","rop_publish_now_accounts":{"facebook_10159540855086992_322828327761733":""},"rop_publish_now_history":[],"rop_publish_now_status":"pending","footnotes":""},"categories":[178],"tags":[259],"class_list":["post-578469","post","type-post","status-publish","format-standard","has-post-thumbnail","hentry","category-policiaca","tag-policiaca","entry"],"_links":{"self":[{"href":"https:\/\/www.zunoticia.com\/noticias-de-hidalgo\/wp-json\/wp\/v2\/posts\/578469","targetHints":{"allow":["GET"]}}],"collection":[{"href":"https:\/\/www.zunoticia.com\/noticias-de-hidalgo\/wp-json\/wp\/v2\/posts"}],"about":[{"href":"https:\/\/www.zunoticia.com\/noticias-de-hidalgo\/wp-json\/wp\/v2\/types\/post"}],"author":[{"embeddable":true,"href":"https:\/\/www.zunoticia.com\/noticias-de-hidalgo\/wp-json\/wp\/v2\/users\/20"}],"replies":[{"embeddable":true,"href":"https:\/\/www.zunoticia.com\/noticias-de-hidalgo\/wp-json\/wp\/v2\/comments?post=578469"}],"version-history":[{"count":1,"href":"https:\/\/www.zunoticia.com\/noticias-de-hidalgo\/wp-json\/wp\/v2\/posts\/578469\/revisions"}],"predecessor-version":[{"id":578471,"href":"https:\/\/www.zunoticia.com\/noticias-de-hidalgo\/wp-json\/wp\/v2\/posts\/578469\/revisions\/578471"}],"wp:featuredmedia":[{"embeddable":true,"href":"https:\/\/www.zunoticia.com\/noticias-de-hidalgo\/wp-json\/wp\/v2\/media\/578470"}],"wp:attachment":[{"href":"https:\/\/www.zunoticia.com\/noticias-de-hidalgo\/wp-json\/wp\/v2\/media?parent=578469"}],"wp:term":[{"taxonomy":"category","embeddable":true,"href":"https:\/\/www.zunoticia.com\/noticias-de-hidalgo\/wp-json\/wp\/v2\/categories?post=578469"},{"taxonomy":"post_tag","embeddable":true,"href":"https:\/\/www.zunoticia.com\/noticias-de-hidalgo\/wp-json\/wp\/v2\/tags?post=578469"}],"curies":[{"name":"wp","href":"https:\/\/api.w.org\/{rel}","templated":true}]}}