{"id":578487,"date":"2025-01-04T18:06:36","date_gmt":"2025-01-05T00:06:36","guid":{"rendered":"https:\/\/www.zunoticia.com\/noticias-de-hidalgo\/?p=578487"},"modified":"2025-01-04T18:06:38","modified_gmt":"2025-01-05T00:06:38","slug":"la-exposicion-de-jose-guadalupe-posada-te-espera-en-la-galeria-leo-acosta","status":"publish","type":"post","link":"https:\/\/www.zunoticia.com\/noticias-de-hidalgo\/2025\/01\/04\/la-exposicion-de-jose-guadalupe-posada-te-espera-en-la-galeria-leo-acosta\/","title":{"rendered":"La exposici\u00f3n de Jos\u00e9 Guadalupe Posada te espera en la Galer\u00eda Leo Acosta"},"content":{"rendered":"<aside class=\"mashsb-container mashsb-main mashsb-stretched\"><div class=\"mashsb-box\"><div class=\"mashsb-count mash-large\" style=\"float:left\"><div class=\"counts mashsbcount\">0<\/div><span class=\"mashsb-sharetext\">SHARES<\/span><\/div><div class=\"mashsb-buttons\"><a class=\"mashicon-facebook mash-large mash-center mashsb-noshadow\" href=\"https:\/\/www.facebook.com\/sharer.php?u=https%3A%2F%2Fwww.zunoticia.com%2Fnoticias-de-hidalgo%2F2025%2F01%2F04%2Fla-exposicion-de-jose-guadalupe-posada-te-espera-en-la-galeria-leo-acosta%2F\" target=\"_top\" rel=\"nofollow\"><span class=\"icon\"><\/span><span class=\"text\">Share<\/span><\/a><a class=\"mashicon-twitter mash-large mash-center mashsb-noshadow\" href=\"https:\/\/twitter.com\/intent\/tweet?text=&amp;url=https:\/\/www.zunoticia.com\/noticias-de-hidalgo\/2025\/01\/04\/la-exposicion-de-jose-guadalupe-posada-te-espera-en-la-galeria-leo-acosta\/\" target=\"_top\" rel=\"nofollow\"><span class=\"icon\"><\/span><span class=\"text\">Tweet<\/span><\/a><div class=\"onoffswitch2 mash-large mashsb-noshadow\" style=\"display:none\"><\/div><\/div>\n            <\/div>\n                <div style=\"clear:both\"><\/div><div class=\"mashsb-toggle-container\"><\/div><\/aside>\n            <!-- Share buttons by mashshare.net - Version: 4.0.47-->\n<ul class=\"wp-block-list\">\n<li>Las calaveras de Posada, como \u201cLa Catrina\u201d, se convirtieron en s\u00edmbolos universales de la cultura mexicana y del D\u00eda de Muertos<\/li>\n<\/ul>\n\n\n\n<p><em>Por Redacci\u00f3n\/Zunoticia<\/em><\/p>\n\n\n\n<p><strong>Pachuca de Soto, Hgo.-<\/strong> La Galer\u00eda Leo Acosta abre sus puertas al p\u00fablico con la exposici\u00f3n \u201cJos\u00e9 Guadalupe Posada. Imaginario Popular\u201d, una muestra imperdible que estar\u00e1 disponible hasta febrero de 2025.<\/p>\n\n\n\n<p>La exhibici\u00f3n estar\u00e1 abierta al p\u00fablico de martes a s\u00e1bado de 10:00 a 18:00 horas y los domingos de 10:00 a 15:00 horas.<\/p>\n\n\n\n<p>Organizada por la Secretar\u00eda de Cultura del Estado de Hidalgo, a trav\u00e9s del Consejo Estatal para la Cultura y las Artes, esta presentaci\u00f3n celebra el trabajo del reconocido grabador, ilustrador y caricaturista Jos\u00e9 Guadalupe Posada, cuya obra revolucion\u00f3 las artes gr\u00e1ficas de finales del siglo XIX y principios del XX.<\/p>\n\n\n\n<p>La exposici\u00f3n est\u00e1 conformada por 23 piezas originales que reflejan la esencia del M\u00e9xico popular de la \u00e9poca. En cada una de ellas, Posada captura escenas de la vida cotidiana, al tiempo que analiza de manera sat\u00edrica las estructuras sociales y pol\u00edticas de su tiempo.&nbsp;<\/p>\n\n\n\n<p>Sus famosas calaveras, hoy \u00edconos universales, son un testimonio de su mirada cr\u00edtica y del simbolismo con el que retrat\u00f3 a las clases populares y los desaf\u00edos sociales de su \u00e9poca.<\/p>\n\n\n\n<p>El recorrido permite a los visitantes sumergirse en la historia y cultura de un M\u00e9xico vibrante, donde el arte fue utilizado como herramienta de denuncia, resistencia y conexi\u00f3n con las tradiciones del pueblo.<\/p>\n\n\n\n<p>La entrada es completamente gratuita y la cita es en la Galer\u00eda Leo Acosta, ubicada en Bravo 202, colonia Centro, en Pachuca. No pierdas la oportunidad de descubrir y admirar el legado de uno de los artistas m\u00e1s influyentes del arte mexicano.<\/p>\n\n\n\n<figure class=\"wp-block-image size-full\"><img fetchpriority=\"high\" decoding=\"async\" width=\"933\" height=\"524\" src=\"https:\/\/www.zunoticia.com\/noticias-de-hidalgo\/wp-content\/uploads\/2025\/01\/Zunoticia-Huejutla-46.png\" alt=\"\" class=\"wp-image-578489\"\/><\/figure>\n","protected":false},"excerpt":{"rendered":"<p>Por Redacci\u00f3n\/Zunoticia Pachuca de Soto, Hgo.- La Galer\u00eda Leo Acosta abre sus puertas al p\u00fablico con la exposici\u00f3n \u201cJos\u00e9 Guadalupe Posada. Imaginario Popular\u201d, una muestra imperdible que estar\u00e1 disponible hasta febrero de 2025. La exhibici\u00f3n estar\u00e1 abierta al p\u00fablico de martes a s\u00e1bado de 10:00 a 18:00 horas y los domingos de 10:00 a 15:00&hellip; <a class=\"more-link\" href=\"https:\/\/www.zunoticia.com\/noticias-de-hidalgo\/2025\/01\/04\/la-exposicion-de-jose-guadalupe-posada-te-espera-en-la-galeria-leo-acosta\/\">Seguir leyendo <span class=\"screen-reader-text\">La exposici\u00f3n de Jos\u00e9 Guadalupe Posada te espera en la Galer\u00eda Leo Acosta<\/span><\/a><\/p>\n","protected":false},"author":20,"featured_media":578488,"comment_status":"open","ping_status":"open","sticky":false,"template":"","format":"standard","meta":{"rop_custom_images_group":[],"rop_custom_messages_group":[],"rop_publish_now":"initial","rop_publish_now_accounts":{"facebook_10159540855086992_322828327761733":""},"rop_publish_now_history":[],"rop_publish_now_status":"pending","footnotes":""},"categories":[208],"tags":[214],"class_list":["post-578487","post","type-post","status-publish","format-standard","has-post-thumbnail","hentry","category-estado","tag-estado","entry"],"_links":{"self":[{"href":"https:\/\/www.zunoticia.com\/noticias-de-hidalgo\/wp-json\/wp\/v2\/posts\/578487","targetHints":{"allow":["GET"]}}],"collection":[{"href":"https:\/\/www.zunoticia.com\/noticias-de-hidalgo\/wp-json\/wp\/v2\/posts"}],"about":[{"href":"https:\/\/www.zunoticia.com\/noticias-de-hidalgo\/wp-json\/wp\/v2\/types\/post"}],"author":[{"embeddable":true,"href":"https:\/\/www.zunoticia.com\/noticias-de-hidalgo\/wp-json\/wp\/v2\/users\/20"}],"replies":[{"embeddable":true,"href":"https:\/\/www.zunoticia.com\/noticias-de-hidalgo\/wp-json\/wp\/v2\/comments?post=578487"}],"version-history":[{"count":1,"href":"https:\/\/www.zunoticia.com\/noticias-de-hidalgo\/wp-json\/wp\/v2\/posts\/578487\/revisions"}],"predecessor-version":[{"id":578490,"href":"https:\/\/www.zunoticia.com\/noticias-de-hidalgo\/wp-json\/wp\/v2\/posts\/578487\/revisions\/578490"}],"wp:featuredmedia":[{"embeddable":true,"href":"https:\/\/www.zunoticia.com\/noticias-de-hidalgo\/wp-json\/wp\/v2\/media\/578488"}],"wp:attachment":[{"href":"https:\/\/www.zunoticia.com\/noticias-de-hidalgo\/wp-json\/wp\/v2\/media?parent=578487"}],"wp:term":[{"taxonomy":"category","embeddable":true,"href":"https:\/\/www.zunoticia.com\/noticias-de-hidalgo\/wp-json\/wp\/v2\/categories?post=578487"},{"taxonomy":"post_tag","embeddable":true,"href":"https:\/\/www.zunoticia.com\/noticias-de-hidalgo\/wp-json\/wp\/v2\/tags?post=578487"}],"curies":[{"name":"wp","href":"https:\/\/api.w.org\/{rel}","templated":true}]}}