{"id":578851,"date":"2025-01-07T15:45:57","date_gmt":"2025-01-07T21:45:57","guid":{"rendered":"https:\/\/www.zunoticia.com\/noticias-de-hidalgo\/?p=578851"},"modified":"2025-01-07T15:45:58","modified_gmt":"2025-01-07T21:45:58","slug":"el-dia-de-reyes-es-emotivo-para-ninos-y-adultos-director-del-sistema-municipal-dif","status":"publish","type":"post","link":"https:\/\/www.zunoticia.com\/noticias-de-hidalgo\/2025\/01\/07\/el-dia-de-reyes-es-emotivo-para-ninos-y-adultos-director-del-sistema-municipal-dif\/","title":{"rendered":"El D\u00eda de Reyes es emotivo para ni\u00f1os y adultos: director del Sistema Municipal DIF"},"content":{"rendered":"<aside class=\"mashsb-container mashsb-main mashsb-stretched\"><div class=\"mashsb-box\"><div class=\"mashsb-count mash-large\" style=\"float:left\"><div class=\"counts mashsbcount\">0<\/div><span class=\"mashsb-sharetext\">SHARES<\/span><\/div><div class=\"mashsb-buttons\"><a class=\"mashicon-facebook mash-large mash-center mashsb-noshadow\" href=\"https:\/\/www.facebook.com\/sharer.php?u=https%3A%2F%2Fwww.zunoticia.com%2Fnoticias-de-hidalgo%2F2025%2F01%2F07%2Fel-dia-de-reyes-es-emotivo-para-ninos-y-adultos-director-del-sistema-municipal-dif%2F\" target=\"_top\" rel=\"nofollow\"><span class=\"icon\"><\/span><span class=\"text\">Share<\/span><\/a><a class=\"mashicon-twitter mash-large mash-center mashsb-noshadow\" href=\"https:\/\/twitter.com\/intent\/tweet?text=&amp;url=https:\/\/www.zunoticia.com\/noticias-de-hidalgo\/2025\/01\/07\/el-dia-de-reyes-es-emotivo-para-ninos-y-adultos-director-del-sistema-municipal-dif\/\" target=\"_top\" rel=\"nofollow\"><span class=\"icon\"><\/span><span class=\"text\">Tweet<\/span><\/a><div class=\"onoffswitch2 mash-large mashsb-noshadow\" style=\"display:none\"><\/div><\/div>\n            <\/div>\n                <div style=\"clear:both\"><\/div><div class=\"mashsb-toggle-container\"><\/div><\/aside>\n            <!-- Share buttons by mashshare.net - Version: 4.0.47-->\n<p><em>Por Salvador Altamirano\/Zunoticia<\/em><\/p>\n\n\n\n<p><strong>Yahualica, Hgo<\/strong>.- \u201cEl D\u00eda de Reyes, que se celebr\u00f3 este 6 de enero, es muy emotivo para los infantes y para&nbsp; nosotros los adultos, ya que llevamos un ni\u00f1o interior, por lo que nos alegramos tambi\u00e9n al festejar esta fecha tan especial marcada en el calendario\u201d.<\/p>\n\n\n\n<p>Lo anterior, fue expresado por el director del Sistema Municipal DIF, C\u00e9sar Hern\u00e1ndez Torres, quien agreg\u00f3 que, por tal motivo felicita a todos los ni\u00f1os, y ojal\u00e1 que los Reyes Magos les hayan tra\u00eddo regalos de acuerdo con las peticiones que hayan realizado.<\/p>\n\n\n\n<p>Asimismo, exhort\u00f3 a los ni\u00f1os del municipio a que, para que los Reyes Magos les sigan trayendo regalos en a\u00f1os sucesivos se porten bien, respetando a sus pap\u00e1s, a sus amiguitos y a todas las personas que conforman la comunidad en donde viven, para que haya una sana convivencia entre familias y sociedad.<\/p>\n\n\n\n<p>En el mismo contexto, refiri\u00f3 que, aunque de manera diferida, el ayuntamiento que preside Francisca Lara Vel\u00e1zquez en coordinaci\u00f3n con el DIF Municipal, cuya titular es Arisbeth Hern\u00e1ndez Lara, conmemorar\u00edan este martes el tradicional &#8220;D\u00eda de Reyes&#8221;, evento que iniciar\u00eda a las 15:00 horas con invitaci\u00f3n a todos los ni\u00f1os del municipio.<\/p>\n\n\n\n<p>Al inquirirle si sabe el significado de la &#8220;Rosca de Reyes&#8221;, que es el elemento preponderante de esta celebraci\u00f3n, especific\u00f3 que, su forma ovalada simboliza el amor eterno de Dios para con nosotros, los frutos cristalinos representan las joyas de las coronas de los Tres Reyes Magos; y el mu\u00f1equito escondido en el pan, el momento en que Jos\u00e9 y Mar\u00eda escondieron al Ni\u00f1o Jes\u00fas de Herodes. Y es tradici\u00f3n -a\u00f1adi\u00f3-, que a quienes les salgan los mu\u00f1equitos, ya que son varios, el dos de febrero, &#8220;D\u00eda de la Candelaria&#8221;, invitan tamales y atole, en una amena convivencia.<\/p>\n\n\n\n<p>Para finalizar, el director del DIF Municipal agradeci\u00f3 al gobernador del Estado, Julio Menchaca Salazar, y a la presidenta del Patronato DIF Estatal, Edda Vite Ramos, por los apoyos que siempre les han otorgado, en especial, para este &#8220;D\u00eda de Reyes&#8221;.<\/p>\n","protected":false},"excerpt":{"rendered":"<p>Por Salvador Altamirano\/Zunoticia Yahualica, Hgo.- \u201cEl D\u00eda de Reyes, que se celebr\u00f3 este 6 de enero, es muy emotivo para los infantes y para&nbsp; nosotros los adultos, ya que llevamos un ni\u00f1o interior, por lo que nos alegramos tambi\u00e9n al festejar esta fecha tan especial marcada en el calendario\u201d. Lo anterior, fue expresado por el&hellip; <a class=\"more-link\" href=\"https:\/\/www.zunoticia.com\/noticias-de-hidalgo\/2025\/01\/07\/el-dia-de-reyes-es-emotivo-para-ninos-y-adultos-director-del-sistema-municipal-dif\/\">Seguir leyendo <span class=\"screen-reader-text\">El D\u00eda de Reyes es emotivo para ni\u00f1os y adultos: director del Sistema Municipal DIF<\/span><\/a><\/p>\n","protected":false},"author":20,"featured_media":578852,"comment_status":"open","ping_status":"open","sticky":false,"template":"","format":"standard","meta":{"rop_custom_images_group":[],"rop_custom_messages_group":[],"rop_publish_now":"initial","rop_publish_now_accounts":{"facebook_10159540855086992_322828327761733":""},"rop_publish_now_history":[],"rop_publish_now_status":"pending","footnotes":""},"categories":[179,203],"tags":[229,123],"class_list":["post-578851","post","type-post","status-publish","format-standard","has-post-thumbnail","hentry","category-huasteca","category-yahualica","tag-huasteca","tag-yahualica","entry"],"_links":{"self":[{"href":"https:\/\/www.zunoticia.com\/noticias-de-hidalgo\/wp-json\/wp\/v2\/posts\/578851","targetHints":{"allow":["GET"]}}],"collection":[{"href":"https:\/\/www.zunoticia.com\/noticias-de-hidalgo\/wp-json\/wp\/v2\/posts"}],"about":[{"href":"https:\/\/www.zunoticia.com\/noticias-de-hidalgo\/wp-json\/wp\/v2\/types\/post"}],"author":[{"embeddable":true,"href":"https:\/\/www.zunoticia.com\/noticias-de-hidalgo\/wp-json\/wp\/v2\/users\/20"}],"replies":[{"embeddable":true,"href":"https:\/\/www.zunoticia.com\/noticias-de-hidalgo\/wp-json\/wp\/v2\/comments?post=578851"}],"version-history":[{"count":1,"href":"https:\/\/www.zunoticia.com\/noticias-de-hidalgo\/wp-json\/wp\/v2\/posts\/578851\/revisions"}],"predecessor-version":[{"id":578853,"href":"https:\/\/www.zunoticia.com\/noticias-de-hidalgo\/wp-json\/wp\/v2\/posts\/578851\/revisions\/578853"}],"wp:featuredmedia":[{"embeddable":true,"href":"https:\/\/www.zunoticia.com\/noticias-de-hidalgo\/wp-json\/wp\/v2\/media\/578852"}],"wp:attachment":[{"href":"https:\/\/www.zunoticia.com\/noticias-de-hidalgo\/wp-json\/wp\/v2\/media?parent=578851"}],"wp:term":[{"taxonomy":"category","embeddable":true,"href":"https:\/\/www.zunoticia.com\/noticias-de-hidalgo\/wp-json\/wp\/v2\/categories?post=578851"},{"taxonomy":"post_tag","embeddable":true,"href":"https:\/\/www.zunoticia.com\/noticias-de-hidalgo\/wp-json\/wp\/v2\/tags?post=578851"}],"curies":[{"name":"wp","href":"https:\/\/api.w.org\/{rel}","templated":true}]}}