{"id":578858,"date":"2025-01-07T16:03:14","date_gmt":"2025-01-07T22:03:14","guid":{"rendered":"https:\/\/www.zunoticia.com\/noticias-de-hidalgo\/?p=578858"},"modified":"2025-01-07T16:03:16","modified_gmt":"2025-01-07T22:03:16","slug":"ayer-reiniciaron-actividades-en-la-presidencia-municipal","status":"publish","type":"post","link":"https:\/\/www.zunoticia.com\/noticias-de-hidalgo\/2025\/01\/07\/ayer-reiniciaron-actividades-en-la-presidencia-municipal\/","title":{"rendered":"Ayer reiniciaron actividades en la presidencia municipal"},"content":{"rendered":"<aside class=\"mashsb-container mashsb-main mashsb-stretched\"><div class=\"mashsb-box\"><div class=\"mashsb-count mash-large\" style=\"float:left\"><div class=\"counts mashsbcount\">0<\/div><span class=\"mashsb-sharetext\">SHARES<\/span><\/div><div class=\"mashsb-buttons\"><a class=\"mashicon-facebook mash-large mash-center mashsb-noshadow\" href=\"https:\/\/www.facebook.com\/sharer.php?u=https%3A%2F%2Fwww.zunoticia.com%2Fnoticias-de-hidalgo%2F2025%2F01%2F07%2Fayer-reiniciaron-actividades-en-la-presidencia-municipal%2F\" target=\"_top\" rel=\"nofollow\"><span class=\"icon\"><\/span><span class=\"text\">Share<\/span><\/a><a class=\"mashicon-twitter mash-large mash-center mashsb-noshadow\" href=\"https:\/\/twitter.com\/intent\/tweet?text=&amp;url=https:\/\/www.zunoticia.com\/noticias-de-hidalgo\/2025\/01\/07\/ayer-reiniciaron-actividades-en-la-presidencia-municipal\/\" target=\"_top\" rel=\"nofollow\"><span class=\"icon\"><\/span><span class=\"text\">Tweet<\/span><\/a><div class=\"onoffswitch2 mash-large mashsb-noshadow\" style=\"display:none\"><\/div><\/div>\n            <\/div>\n                <div style=\"clear:both\"><\/div><div class=\"mashsb-toggle-container\"><\/div><\/aside>\n            <!-- Share buttons by mashshare.net - Version: 4.0.47-->\n<p><em>Por Salvador Altamirano\/Zunoticia<\/em><\/p>\n\n\n\n<p><strong>Yahualica, Hgo.-<\/strong> Personal adscrito al ayuntamiento que preside Francisca Lara Vel\u00e1zquez, reinici\u00f3 este lunes labores administrativas de manera normal en todas las dependencias que lo conforman.<\/p>\n\n\n\n<p>Lo anterior, al haber concluido el periodo vacacional de fin de a\u00f1o, por lo que en la ma\u00f1ana la mandataria municipal sostuvo una reuni\u00f3n en el patio de las instalaciones, con jefes de \u00e1reas y empleados adscritos, a quienes, en primer t\u00e9rmino, dio una cordial bienvenida.<\/p>\n\n\n\n<p>Posteriormente, los exhort\u00f3 a continuar trabajando con la misma eficiencia y responsabilidad que los ha caracterizado desde el inicio de la actual administraci\u00f3n municipal, en beneficio de los habitantes de todas las localidades que integran la jurisdicci\u00f3n.<\/p>\n\n\n\n<p>Al respecto, Comunicaci\u00f3n Social, cuyo director es \u00c1ngel Aquino, subray\u00f3 que el motivo de la reuni\u00f3n, en concreto, fue promover un mejor servicio al p\u00fablico, sin demeritar el anterior, realizado en los \u00faltimos meses del 2024.<\/p>\n\n\n\n<p><\/p>\n","protected":false},"excerpt":{"rendered":"<p>Por Salvador Altamirano\/Zunoticia Yahualica, Hgo.- Personal adscrito al ayuntamiento que preside Francisca Lara Vel\u00e1zquez, reinici\u00f3 este lunes labores administrativas de manera normal en todas las dependencias que lo conforman. Lo anterior, al haber concluido el periodo vacacional de fin de a\u00f1o, por lo que en la ma\u00f1ana la mandataria municipal sostuvo una reuni\u00f3n en el&hellip; <a class=\"more-link\" href=\"https:\/\/www.zunoticia.com\/noticias-de-hidalgo\/2025\/01\/07\/ayer-reiniciaron-actividades-en-la-presidencia-municipal\/\">Seguir leyendo <span class=\"screen-reader-text\">Ayer reiniciaron actividades en la presidencia municipal<\/span><\/a><\/p>\n","protected":false},"author":20,"featured_media":578859,"comment_status":"open","ping_status":"open","sticky":false,"template":"","format":"standard","meta":{"rop_custom_images_group":[],"rop_custom_messages_group":[],"rop_publish_now":"initial","rop_publish_now_accounts":{"facebook_10159540855086992_322828327761733":""},"rop_publish_now_history":[],"rop_publish_now_status":"pending","footnotes":""},"categories":[179,203],"tags":[229,123],"class_list":["post-578858","post","type-post","status-publish","format-standard","has-post-thumbnail","hentry","category-huasteca","category-yahualica","tag-huasteca","tag-yahualica","entry"],"_links":{"self":[{"href":"https:\/\/www.zunoticia.com\/noticias-de-hidalgo\/wp-json\/wp\/v2\/posts\/578858","targetHints":{"allow":["GET"]}}],"collection":[{"href":"https:\/\/www.zunoticia.com\/noticias-de-hidalgo\/wp-json\/wp\/v2\/posts"}],"about":[{"href":"https:\/\/www.zunoticia.com\/noticias-de-hidalgo\/wp-json\/wp\/v2\/types\/post"}],"author":[{"embeddable":true,"href":"https:\/\/www.zunoticia.com\/noticias-de-hidalgo\/wp-json\/wp\/v2\/users\/20"}],"replies":[{"embeddable":true,"href":"https:\/\/www.zunoticia.com\/noticias-de-hidalgo\/wp-json\/wp\/v2\/comments?post=578858"}],"version-history":[{"count":1,"href":"https:\/\/www.zunoticia.com\/noticias-de-hidalgo\/wp-json\/wp\/v2\/posts\/578858\/revisions"}],"predecessor-version":[{"id":578860,"href":"https:\/\/www.zunoticia.com\/noticias-de-hidalgo\/wp-json\/wp\/v2\/posts\/578858\/revisions\/578860"}],"wp:featuredmedia":[{"embeddable":true,"href":"https:\/\/www.zunoticia.com\/noticias-de-hidalgo\/wp-json\/wp\/v2\/media\/578859"}],"wp:attachment":[{"href":"https:\/\/www.zunoticia.com\/noticias-de-hidalgo\/wp-json\/wp\/v2\/media?parent=578858"}],"wp:term":[{"taxonomy":"category","embeddable":true,"href":"https:\/\/www.zunoticia.com\/noticias-de-hidalgo\/wp-json\/wp\/v2\/categories?post=578858"},{"taxonomy":"post_tag","embeddable":true,"href":"https:\/\/www.zunoticia.com\/noticias-de-hidalgo\/wp-json\/wp\/v2\/tags?post=578858"}],"curies":[{"name":"wp","href":"https:\/\/api.w.org\/{rel}","templated":true}]}}