{"id":579163,"date":"2025-01-09T16:43:14","date_gmt":"2025-01-09T22:43:14","guid":{"rendered":"https:\/\/www.zunoticia.com\/noticias-de-hidalgo\/?p=579163"},"modified":"2025-01-09T16:43:16","modified_gmt":"2025-01-09T22:43:16","slug":"personal-de-pcm-retiro-derrumbe-en-tramo-carretero-zoquitipan-papatlatla","status":"publish","type":"post","link":"https:\/\/www.zunoticia.com\/noticias-de-hidalgo\/2025\/01\/09\/personal-de-pcm-retiro-derrumbe-en-tramo-carretero-zoquitipan-papatlatla\/","title":{"rendered":"Personal de PCM retir\u00f3 derrumbe en tramo carretero Zoquitip\u00e1n &#8211; Papatlatla"},"content":{"rendered":"<aside class=\"mashsb-container mashsb-main mashsb-stretched\"><div class=\"mashsb-box\"><div class=\"mashsb-count mash-large\" style=\"float:left\"><div class=\"counts mashsbcount\">0<\/div><span class=\"mashsb-sharetext\">SHARES<\/span><\/div><div class=\"mashsb-buttons\"><a class=\"mashicon-facebook mash-large mash-center mashsb-noshadow\" href=\"https:\/\/www.facebook.com\/sharer.php?u=https%3A%2F%2Fwww.zunoticia.com%2Fnoticias-de-hidalgo%2F2025%2F01%2F09%2Fpersonal-de-pcm-retiro-derrumbe-en-tramo-carretero-zoquitipan-papatlatla%2F\" target=\"_top\" rel=\"nofollow\"><span class=\"icon\"><\/span><span class=\"text\">Share<\/span><\/a><a class=\"mashicon-twitter mash-large mash-center mashsb-noshadow\" href=\"https:\/\/twitter.com\/intent\/tweet?text=&amp;url=https:\/\/www.zunoticia.com\/noticias-de-hidalgo\/2025\/01\/09\/personal-de-pcm-retiro-derrumbe-en-tramo-carretero-zoquitipan-papatlatla\/\" target=\"_top\" rel=\"nofollow\"><span class=\"icon\"><\/span><span class=\"text\">Tweet<\/span><\/a><div class=\"onoffswitch2 mash-large mashsb-noshadow\" style=\"display:none\"><\/div><\/div>\n            <\/div>\n                <div style=\"clear:both\"><\/div><div class=\"mashsb-toggle-container\"><\/div><\/aside>\n            <!-- Share buttons by mashshare.net - Version: 4.0.47-->\n<p><em>Por Salvador Altamirano\/Zunoticia<\/em><\/p>\n\n\n\n<p><strong>Yahualica, Hgo<\/strong>.- Con el prop\u00f3sito de mantener los ramales carreteros de la jurisdicci\u00f3n totalmente despejados, personal adscrito a Protecci\u00f3n Civil Municipal (PCM), retir\u00f3 un derrumbe que obstru\u00eda de manera parcial un trecho de la carretera estatal Atlapexco-Calnali.<\/p>\n\n\n\n<p>Al respecto, el director de la dependencia, Nicol\u00e1s Marciano \u00c1lvarez, explic\u00f3 que, los trabajos se llevaron a cabo el mi\u00e9rcoles, en el tramo carretero Zoquitip\u00e1n &#8211; Papatlata.<\/p>\n\n\n\n<p>Agreg\u00f3 que, el derrumbe, el cual obstru\u00eda un carril de la carretera, ya ten\u00eda varios meses, desde la administraci\u00f3n municipal pasada, por lo que para agilizar la vialidad y prevenir alg\u00fan accidente, se procedi\u00f3 a retirar la avalancha de tierra y monte del ramal vehicular.<\/p>\n\n\n\n<p>No obstante que el trecho ya est\u00e1 totalmente despejado, exhort\u00f3 a los conductores de unidades del servicio p\u00fablico del transporte y veh\u00edculos particulares, a que extremen precauciones al circular por el sector, as\u00ed como en otros ramales carreteros.<\/p>\n\n\n\n<p>Es oportuno mencionar que, Protecci\u00f3n Civil Municipal es una de las dependencias que labora los 365 d\u00edas del a\u00f1o, incluyendo durante los periodos vacacionales.<\/p>\n","protected":false},"excerpt":{"rendered":"<p>Por Salvador Altamirano\/Zunoticia Yahualica, Hgo.- Con el prop\u00f3sito de mantener los ramales carreteros de la jurisdicci\u00f3n totalmente despejados, personal adscrito a Protecci\u00f3n Civil Municipal (PCM), retir\u00f3 un derrumbe que obstru\u00eda de manera parcial un trecho de la carretera estatal Atlapexco-Calnali. Al respecto, el director de la dependencia, Nicol\u00e1s Marciano \u00c1lvarez, explic\u00f3 que, los trabajos se&hellip; <a class=\"more-link\" href=\"https:\/\/www.zunoticia.com\/noticias-de-hidalgo\/2025\/01\/09\/personal-de-pcm-retiro-derrumbe-en-tramo-carretero-zoquitipan-papatlatla\/\">Seguir leyendo <span class=\"screen-reader-text\">Personal de PCM retir\u00f3 derrumbe en tramo carretero Zoquitip\u00e1n &#8211; Papatlatla<\/span><\/a><\/p>\n","protected":false},"author":20,"featured_media":579164,"comment_status":"open","ping_status":"open","sticky":false,"template":"","format":"standard","meta":{"rop_custom_images_group":[],"rop_custom_messages_group":[],"rop_publish_now":"initial","rop_publish_now_accounts":{"facebook_10159540855086992_322828327761733":""},"rop_publish_now_history":[],"rop_publish_now_status":"pending","footnotes":""},"categories":[179,203],"tags":[229,123],"class_list":["post-579163","post","type-post","status-publish","format-standard","has-post-thumbnail","hentry","category-huasteca","category-yahualica","tag-huasteca","tag-yahualica","entry"],"_links":{"self":[{"href":"https:\/\/www.zunoticia.com\/noticias-de-hidalgo\/wp-json\/wp\/v2\/posts\/579163","targetHints":{"allow":["GET"]}}],"collection":[{"href":"https:\/\/www.zunoticia.com\/noticias-de-hidalgo\/wp-json\/wp\/v2\/posts"}],"about":[{"href":"https:\/\/www.zunoticia.com\/noticias-de-hidalgo\/wp-json\/wp\/v2\/types\/post"}],"author":[{"embeddable":true,"href":"https:\/\/www.zunoticia.com\/noticias-de-hidalgo\/wp-json\/wp\/v2\/users\/20"}],"replies":[{"embeddable":true,"href":"https:\/\/www.zunoticia.com\/noticias-de-hidalgo\/wp-json\/wp\/v2\/comments?post=579163"}],"version-history":[{"count":1,"href":"https:\/\/www.zunoticia.com\/noticias-de-hidalgo\/wp-json\/wp\/v2\/posts\/579163\/revisions"}],"predecessor-version":[{"id":579165,"href":"https:\/\/www.zunoticia.com\/noticias-de-hidalgo\/wp-json\/wp\/v2\/posts\/579163\/revisions\/579165"}],"wp:featuredmedia":[{"embeddable":true,"href":"https:\/\/www.zunoticia.com\/noticias-de-hidalgo\/wp-json\/wp\/v2\/media\/579164"}],"wp:attachment":[{"href":"https:\/\/www.zunoticia.com\/noticias-de-hidalgo\/wp-json\/wp\/v2\/media?parent=579163"}],"wp:term":[{"taxonomy":"category","embeddable":true,"href":"https:\/\/www.zunoticia.com\/noticias-de-hidalgo\/wp-json\/wp\/v2\/categories?post=579163"},{"taxonomy":"post_tag","embeddable":true,"href":"https:\/\/www.zunoticia.com\/noticias-de-hidalgo\/wp-json\/wp\/v2\/tags?post=579163"}],"curies":[{"name":"wp","href":"https:\/\/api.w.org\/{rel}","templated":true}]}}