{"id":579550,"date":"2025-01-13T12:15:05","date_gmt":"2025-01-13T18:15:05","guid":{"rendered":"https:\/\/www.zunoticia.com\/noticias-de-hidalgo\/?p=579550"},"modified":"2025-01-13T12:15:06","modified_gmt":"2025-01-13T18:15:06","slug":"caida-de-arbol-bloqueo-parcialmente-la-carretera","status":"publish","type":"post","link":"https:\/\/www.zunoticia.com\/noticias-de-hidalgo\/2025\/01\/13\/caida-de-arbol-bloqueo-parcialmente-la-carretera\/","title":{"rendered":"Ca\u00edda de \u00e1rbol bloque\u00f3 parcialmente la carretera"},"content":{"rendered":"<aside class=\"mashsb-container mashsb-main mashsb-stretched\"><div class=\"mashsb-box\"><div class=\"mashsb-count mash-large\" style=\"float:left\"><div class=\"counts mashsbcount\">0<\/div><span class=\"mashsb-sharetext\">SHARES<\/span><\/div><div class=\"mashsb-buttons\"><a class=\"mashicon-facebook mash-large mash-center mashsb-noshadow\" href=\"https:\/\/www.facebook.com\/sharer.php?u=https%3A%2F%2Fwww.zunoticia.com%2Fnoticias-de-hidalgo%2F2025%2F01%2F13%2Fcaida-de-arbol-bloqueo-parcialmente-la-carretera%2F\" target=\"_top\" rel=\"nofollow\"><span class=\"icon\"><\/span><span class=\"text\">Share<\/span><\/a><a class=\"mashicon-twitter mash-large mash-center mashsb-noshadow\" href=\"https:\/\/twitter.com\/intent\/tweet?text=&amp;url=https:\/\/www.zunoticia.com\/noticias-de-hidalgo\/2025\/01\/13\/caida-de-arbol-bloqueo-parcialmente-la-carretera\/\" target=\"_top\" rel=\"nofollow\"><span class=\"icon\"><\/span><span class=\"text\">Tweet<\/span><\/a><div class=\"onoffswitch2 mash-large mashsb-noshadow\" style=\"display:none\"><\/div><\/div>\n            <\/div>\n                <div style=\"clear:both\"><\/div><div class=\"mashsb-toggle-container\"><\/div><\/aside>\n            <!-- Share buttons by mashshare.net - Version: 4.0.47-->\n<p><em>Por Roberto Meza\/Zunoticia<\/em><\/p>\n\n\n\n<p><strong>Atlapexco, Hgo<\/strong>. &#8211; La ca\u00edda de un \u00e1rbol cerr\u00f3 de manera parcial la v\u00eda Huejutla-Atlapexco, a la altura de la comunidad de Palo Gordo de este municipio; fue la ma\u00f1ana de este lunes cuando se cay\u00f3 sobre la cinta asf\u00e1ltica, afectando la circulaci\u00f3n, al lugar de los hechos llegaron polic\u00edas para dar vialidad.<\/p>\n\n\n\n<p>Lo anterior, se debe a la abundante humedad por las precipitaciones pluviales que se registran en esta zona, el \u00e1rbol bloque\u00f3 m\u00e1s de un carril. Fueron los automovilistas quienes dieron parte a las autoridades municipales y que de inmediato atendieron el incidente.<\/p>\n\n\n\n<p>Al lugar de los hechos llegaron elementos de Protecci\u00f3n Civil que llevaron los trabajos de retiro de las ramas y tallo para restablecer la vialidad. Afortunadamente la ca\u00edda de este \u00e1rbol no ocasion\u00f3 da\u00f1os materiales y solo afect\u00f3 la circulaci\u00f3n en un carril por m\u00e1s de una hora.<\/p>\n","protected":false},"excerpt":{"rendered":"<p>Por Roberto Meza\/Zunoticia Atlapexco, Hgo. &#8211; La ca\u00edda de un \u00e1rbol cerr\u00f3 de manera parcial la v\u00eda Huejutla-Atlapexco, a la altura de la comunidad de Palo Gordo de este municipio; fue la ma\u00f1ana de este lunes cuando se cay\u00f3 sobre la cinta asf\u00e1ltica, afectando la circulaci\u00f3n, al lugar de los hechos llegaron polic\u00edas para dar&hellip; <a class=\"more-link\" href=\"https:\/\/www.zunoticia.com\/noticias-de-hidalgo\/2025\/01\/13\/caida-de-arbol-bloqueo-parcialmente-la-carretera\/\">Seguir leyendo <span class=\"screen-reader-text\">Ca\u00edda de \u00e1rbol bloque\u00f3 parcialmente la carretera<\/span><\/a><\/p>\n","protected":false},"author":20,"featured_media":579551,"comment_status":"open","ping_status":"open","sticky":false,"template":"","format":"standard","meta":{"rop_custom_images_group":[],"rop_custom_messages_group":[],"rop_publish_now":"initial","rop_publish_now_accounts":{"facebook_10159540855086992_322828327761733":""},"rop_publish_now_history":[],"rop_publish_now_status":"pending","footnotes":""},"categories":[178],"tags":[259],"class_list":["post-579550","post","type-post","status-publish","format-standard","has-post-thumbnail","hentry","category-policiaca","tag-policiaca","entry"],"_links":{"self":[{"href":"https:\/\/www.zunoticia.com\/noticias-de-hidalgo\/wp-json\/wp\/v2\/posts\/579550","targetHints":{"allow":["GET"]}}],"collection":[{"href":"https:\/\/www.zunoticia.com\/noticias-de-hidalgo\/wp-json\/wp\/v2\/posts"}],"about":[{"href":"https:\/\/www.zunoticia.com\/noticias-de-hidalgo\/wp-json\/wp\/v2\/types\/post"}],"author":[{"embeddable":true,"href":"https:\/\/www.zunoticia.com\/noticias-de-hidalgo\/wp-json\/wp\/v2\/users\/20"}],"replies":[{"embeddable":true,"href":"https:\/\/www.zunoticia.com\/noticias-de-hidalgo\/wp-json\/wp\/v2\/comments?post=579550"}],"version-history":[{"count":1,"href":"https:\/\/www.zunoticia.com\/noticias-de-hidalgo\/wp-json\/wp\/v2\/posts\/579550\/revisions"}],"predecessor-version":[{"id":579552,"href":"https:\/\/www.zunoticia.com\/noticias-de-hidalgo\/wp-json\/wp\/v2\/posts\/579550\/revisions\/579552"}],"wp:featuredmedia":[{"embeddable":true,"href":"https:\/\/www.zunoticia.com\/noticias-de-hidalgo\/wp-json\/wp\/v2\/media\/579551"}],"wp:attachment":[{"href":"https:\/\/www.zunoticia.com\/noticias-de-hidalgo\/wp-json\/wp\/v2\/media?parent=579550"}],"wp:term":[{"taxonomy":"category","embeddable":true,"href":"https:\/\/www.zunoticia.com\/noticias-de-hidalgo\/wp-json\/wp\/v2\/categories?post=579550"},{"taxonomy":"post_tag","embeddable":true,"href":"https:\/\/www.zunoticia.com\/noticias-de-hidalgo\/wp-json\/wp\/v2\/tags?post=579550"}],"curies":[{"name":"wp","href":"https:\/\/api.w.org\/{rel}","templated":true}]}}