{"id":579562,"date":"2025-01-13T15:02:07","date_gmt":"2025-01-13T21:02:07","guid":{"rendered":"https:\/\/www.zunoticia.com\/noticias-de-hidalgo\/?p=579562"},"modified":"2025-01-13T15:02:09","modified_gmt":"2025-01-13T21:02:09","slug":"refugio-temporal-apoyando-a-personas-en-situacion-de-calle-hgh","status":"publish","type":"post","link":"https:\/\/www.zunoticia.com\/noticias-de-hidalgo\/2025\/01\/13\/refugio-temporal-apoyando-a-personas-en-situacion-de-calle-hgh\/","title":{"rendered":"Refugio temporal apoyando a personas en situaci\u00f3n de calle: HGH"},"content":{"rendered":"<aside class=\"mashsb-container mashsb-main mashsb-stretched\"><div class=\"mashsb-box\"><div class=\"mashsb-count mash-large\" style=\"float:left\"><div class=\"counts mashsbcount\">0<\/div><span class=\"mashsb-sharetext\">SHARES<\/span><\/div><div class=\"mashsb-buttons\"><a class=\"mashicon-facebook mash-large mash-center mashsb-noshadow\" href=\"https:\/\/www.facebook.com\/sharer.php?u=https%3A%2F%2Fwww.zunoticia.com%2Fnoticias-de-hidalgo%2F2025%2F01%2F13%2Frefugio-temporal-apoyando-a-personas-en-situacion-de-calle-hgh%2F\" target=\"_top\" rel=\"nofollow\"><span class=\"icon\"><\/span><span class=\"text\">Share<\/span><\/a><a class=\"mashicon-twitter mash-large mash-center mashsb-noshadow\" href=\"https:\/\/twitter.com\/intent\/tweet?text=&amp;url=https:\/\/www.zunoticia.com\/noticias-de-hidalgo\/2025\/01\/13\/refugio-temporal-apoyando-a-personas-en-situacion-de-calle-hgh\/\" target=\"_top\" rel=\"nofollow\"><span class=\"icon\"><\/span><span class=\"text\">Tweet<\/span><\/a><div class=\"onoffswitch2 mash-large mashsb-noshadow\" style=\"display:none\"><\/div><\/div>\n            <\/div>\n                <div style=\"clear:both\"><\/div><div class=\"mashsb-toggle-container\"><\/div><\/aside>\n            <!-- Share buttons by mashshare.net - Version: 4.0.47-->\n<p><em>Por Jos\u00e9 Luis Romero Ruiz\/Zunoticia<\/em><\/p>\n\n\n\n<p><strong>Huejutla, Hgo<\/strong>.- El jefe del departamento de Protecci\u00f3n Civil (PC), de esta ciudad, H\u00e9ctor G\u00f3mez Hern\u00e1ndez inform\u00f3 en entrevista con Zunoticia que, fue un gran acierto por parte de la autoridad municipal el haber habilitado el refugio temporal, en apoyo a las personas en situaci\u00f3n de calle o que, por alguna raz\u00f3n no pudieron regresar a sus casas.<\/p>\n\n\n\n<p>G\u00f3mez Hern\u00e1ndez manifest\u00f3 que, el presidente municipal Jos\u00e9 Alfredo San Rom\u00e1n Duval, dio instrucciones para que se habilitar\u00e1 el refugio temporal para evitar enfermedades respiratorias, hipotermia, incluso decesos por bajas temperaturas.<\/p>\n\n\n\n<p>\u201cAgradezco al representante de la Asociaci\u00f3n Ganadera Local de Huejutla, Hidalgo, ya que, dio todas las facilidades para que se habilitara el sal\u00f3n de los ganaderos; adem\u00e1s, quiero aprovechar para dar las gracias a personas que de manera an\u00f3nimas llevan alimentos calientes y ropa a las personas que ocupan dicho refugio\u201d, extern\u00f3.<\/p>\n\n\n\n<p>H\u00e9ctor G\u00f3mez se\u00f1al\u00f3 que, el Sistema Meteorol\u00f3gico Nacional (SMN), reporta la llegada del frente fr\u00edo 23, el cual vendr\u00e1 acompa\u00f1ado de masa polar, por lo tanto, se le pide a la poblaci\u00f3n extremar precauciones, ya que los term\u00f3metros volver\u00e1n a descender dr\u00e1sticamente.<\/p>\n\n\n\n<p>Para finalizar destac\u00f3 que, el refugio temporal continuar\u00e1 d\u00e1ndole servicio a las personas que por alguna raz\u00f3n viven en la calle o que los haya dejado su transporte hac\u00eda sus comunidades; pueden utilizar el refugio temporal, ubicado en la zona centro de esta cabecera municipal.&nbsp;&nbsp;&nbsp;<\/p>\n","protected":false},"excerpt":{"rendered":"<p>Por Jos\u00e9 Luis Romero Ruiz\/Zunoticia Huejutla, Hgo.- El jefe del departamento de Protecci\u00f3n Civil (PC), de esta ciudad, H\u00e9ctor G\u00f3mez Hern\u00e1ndez inform\u00f3 en entrevista con Zunoticia que, fue un gran acierto por parte de la autoridad municipal el haber habilitado el refugio temporal, en apoyo a las personas en situaci\u00f3n de calle o que, por&hellip; <a class=\"more-link\" href=\"https:\/\/www.zunoticia.com\/noticias-de-hidalgo\/2025\/01\/13\/refugio-temporal-apoyando-a-personas-en-situacion-de-calle-hgh\/\">Seguir leyendo <span class=\"screen-reader-text\">Refugio temporal apoyando a personas en situaci\u00f3n de calle: HGH<\/span><\/a><\/p>\n","protected":false},"author":20,"featured_media":579563,"comment_status":"open","ping_status":"open","sticky":false,"template":"","format":"standard","meta":{"rop_custom_images_group":[],"rop_custom_messages_group":[],"rop_publish_now":"initial","rop_publish_now_accounts":{"facebook_10159540855086992_322828327761733":""},"rop_publish_now_history":[],"rop_publish_now_status":"pending","footnotes":""},"categories":[181],"tags":[121],"class_list":["post-579562","post","type-post","status-publish","format-standard","has-post-thumbnail","hentry","category-huejutla","tag-huejutla","entry"],"_links":{"self":[{"href":"https:\/\/www.zunoticia.com\/noticias-de-hidalgo\/wp-json\/wp\/v2\/posts\/579562","targetHints":{"allow":["GET"]}}],"collection":[{"href":"https:\/\/www.zunoticia.com\/noticias-de-hidalgo\/wp-json\/wp\/v2\/posts"}],"about":[{"href":"https:\/\/www.zunoticia.com\/noticias-de-hidalgo\/wp-json\/wp\/v2\/types\/post"}],"author":[{"embeddable":true,"href":"https:\/\/www.zunoticia.com\/noticias-de-hidalgo\/wp-json\/wp\/v2\/users\/20"}],"replies":[{"embeddable":true,"href":"https:\/\/www.zunoticia.com\/noticias-de-hidalgo\/wp-json\/wp\/v2\/comments?post=579562"}],"version-history":[{"count":1,"href":"https:\/\/www.zunoticia.com\/noticias-de-hidalgo\/wp-json\/wp\/v2\/posts\/579562\/revisions"}],"predecessor-version":[{"id":579564,"href":"https:\/\/www.zunoticia.com\/noticias-de-hidalgo\/wp-json\/wp\/v2\/posts\/579562\/revisions\/579564"}],"wp:featuredmedia":[{"embeddable":true,"href":"https:\/\/www.zunoticia.com\/noticias-de-hidalgo\/wp-json\/wp\/v2\/media\/579563"}],"wp:attachment":[{"href":"https:\/\/www.zunoticia.com\/noticias-de-hidalgo\/wp-json\/wp\/v2\/media?parent=579562"}],"wp:term":[{"taxonomy":"category","embeddable":true,"href":"https:\/\/www.zunoticia.com\/noticias-de-hidalgo\/wp-json\/wp\/v2\/categories?post=579562"},{"taxonomy":"post_tag","embeddable":true,"href":"https:\/\/www.zunoticia.com\/noticias-de-hidalgo\/wp-json\/wp\/v2\/tags?post=579562"}],"curies":[{"name":"wp","href":"https:\/\/api.w.org\/{rel}","templated":true}]}}