{"id":579565,"date":"2025-01-13T15:17:32","date_gmt":"2025-01-13T21:17:32","guid":{"rendered":"https:\/\/www.zunoticia.com\/noticias-de-hidalgo\/?p=579565"},"modified":"2025-01-13T15:17:33","modified_gmt":"2025-01-13T21:17:33","slug":"mi-papa-fue-un-cantautor-polifacetico-miroslava-salazar-lara","status":"publish","type":"post","link":"https:\/\/www.zunoticia.com\/noticias-de-hidalgo\/2025\/01\/13\/mi-papa-fue-un-cantautor-polifacetico-miroslava-salazar-lara\/","title":{"rendered":"Mi pap\u00e1 fue un cantautor polifac\u00e9tico: Miroslava Salazar Lara"},"content":{"rendered":"<aside class=\"mashsb-container mashsb-main mashsb-stretched\"><div class=\"mashsb-box\"><div class=\"mashsb-count mash-large\" style=\"float:left\"><div class=\"counts mashsbcount\">0<\/div><span class=\"mashsb-sharetext\">SHARES<\/span><\/div><div class=\"mashsb-buttons\"><a class=\"mashicon-facebook mash-large mash-center mashsb-noshadow\" href=\"https:\/\/www.facebook.com\/sharer.php?u=https%3A%2F%2Fwww.zunoticia.com%2Fnoticias-de-hidalgo%2F2025%2F01%2F13%2Fmi-papa-fue-un-cantautor-polifacetico-miroslava-salazar-lara%2F\" target=\"_top\" rel=\"nofollow\"><span class=\"icon\"><\/span><span class=\"text\">Share<\/span><\/a><a class=\"mashicon-twitter mash-large mash-center mashsb-noshadow\" href=\"https:\/\/twitter.com\/intent\/tweet?text=&amp;url=https:\/\/www.zunoticia.com\/noticias-de-hidalgo\/2025\/01\/13\/mi-papa-fue-un-cantautor-polifacetico-miroslava-salazar-lara\/\" target=\"_top\" rel=\"nofollow\"><span class=\"icon\"><\/span><span class=\"text\">Tweet<\/span><\/a><div class=\"onoffswitch2 mash-large mashsb-noshadow\" style=\"display:none\"><\/div><\/div>\n            <\/div>\n                <div style=\"clear:both\"><\/div><div class=\"mashsb-toggle-container\"><\/div><\/aside>\n            <!-- Share buttons by mashshare.net - Version: 4.0.47-->\n<p><em>Por Salvador Altamirano\/Zunoticia<\/em><\/p>\n\n\n\n<p><strong>Atlapexco, Hgo.-<\/strong> Considerando que el pr\u00f3ximo mi\u00e9rcoles 15 de enero, se conmemora el &#8220;d\u00eda del compositor&#8221;, entrevistamos a Miroslava Salazar Lara, hija del reconocido cantautor, Omegar Salazar Tovar, sobre el legado musical de su extinto progenitor, quien en primer t\u00e9rmino enfatiz\u00f3 que, &#8220;su pap\u00e1 fue un compositor polifac\u00e9tico&#8221;.<\/p>\n\n\n\n<p>Agreg\u00f3 que, fue un cantautor muy generoso, con ese don que Dios lo dot\u00f3 se inspiraba en tantas cosas que observaba, \u201cdej\u00f3 un legado de m\u00e1s de 300 canciones y poemas, entre ellos huapangos, boleros e incluso cumbias cuando alguien se lo suger\u00eda\u201d.<\/p>\n\n\n\n<p>Detall\u00f3 que, la mayor\u00eda de sus inspiraciones est\u00e1n enfocadas en la belleza de la huasteca, la tierra que tanto am\u00f3, en sus mujeres; en su gente; costumbres y tradiciones, todos esos conceptos los plasm\u00f3 en sus canciones y poes\u00edas.<\/p>\n\n\n\n<p>A pregunta expresa, refiri\u00f3 que, la mayor\u00eda de sus composiciones est\u00e1n in\u00e9ditas, pero pronto, nosotros sus hijos las daremos a conocer -prometi\u00f3-, y entre los temas que populariz\u00f3 se encuentra &#8220;Voy a contarle mis penas&#8221;, la cual se puede escuchar en YouTube en la voz de Balin Salazar; as\u00ed como &#8220;Tiempo&#8221;, que es una melod\u00eda muy conocida; &#8220;Muchacho grandote&#8221; dedicada a mis hermanos; &#8220;Miros&#8221; o &#8220;Mirando una estrella&#8221; que me compuso a mi; y &#8220;Las flores de mi huerto&#8221;, entre much\u00edsimas m\u00e1s.<\/p>\n\n\n\n<p>Entorno a sus poemas, subray\u00f3 que, los escrib\u00eda muy llenos de sentimiento. Leer una poes\u00eda de Omegar Salazar -a\u00f1adi\u00f3-, es introducirse en ese mundo que te hace vivir cuando se va leyendo, y a veces se llega hasta las l\u00e1grimas porque el sentimiento se te mete, era muy sensible.<\/p>\n\n\n\n<p>Al inquirirle que si pudiera hablar con su pap\u00e1 qu\u00e9 le dir\u00eda, Miroslava Salazar no pudo contener sus l\u00e1grimas al expresar: &#8220;Que, aunque siempre est\u00e1 con nosotros aqu\u00ed en la casa, que lo extra\u00f1o, que me hace mucha falta y que lo amo con todo mi coraz\u00f3n&#8221;.<\/p>\n\n\n\n<p>Para finalizar, envi\u00f3 un abrazo y una calurosa felicitaci\u00f3n en su d\u00eda a todas las personas que Dios le ha dado, como a su padre, ese maravilloso don de componer melod\u00edas, que se dice f\u00e1cil, pero se necesita de mucho talento para hacerlo.<\/p>\n","protected":false},"excerpt":{"rendered":"<p>Por Salvador Altamirano\/Zunoticia Atlapexco, Hgo.- Considerando que el pr\u00f3ximo mi\u00e9rcoles 15 de enero, se conmemora el &#8220;d\u00eda del compositor&#8221;, entrevistamos a Miroslava Salazar Lara, hija del reconocido cantautor, Omegar Salazar Tovar, sobre el legado musical de su extinto progenitor, quien en primer t\u00e9rmino enfatiz\u00f3 que, &#8220;su pap\u00e1 fue un compositor polifac\u00e9tico&#8221;. Agreg\u00f3 que, fue un&hellip; <a class=\"more-link\" href=\"https:\/\/www.zunoticia.com\/noticias-de-hidalgo\/2025\/01\/13\/mi-papa-fue-un-cantautor-polifacetico-miroslava-salazar-lara\/\">Seguir leyendo <span class=\"screen-reader-text\">Mi pap\u00e1 fue un cantautor polifac\u00e9tico: Miroslava Salazar Lara<\/span><\/a><\/p>\n","protected":false},"author":20,"featured_media":579566,"comment_status":"open","ping_status":"open","sticky":false,"template":"","format":"standard","meta":{"rop_custom_images_group":[],"rop_custom_messages_group":[],"rop_publish_now":"initial","rop_publish_now_accounts":{"facebook_10159540855086992_322828327761733":""},"rop_publish_now_history":[],"rop_publish_now_status":"pending","footnotes":""},"categories":[182,179],"tags":[133,229],"class_list":["post-579565","post","type-post","status-publish","format-standard","has-post-thumbnail","hentry","category-atlapexco","category-huasteca","tag-atlapexco","tag-huasteca","entry"],"_links":{"self":[{"href":"https:\/\/www.zunoticia.com\/noticias-de-hidalgo\/wp-json\/wp\/v2\/posts\/579565","targetHints":{"allow":["GET"]}}],"collection":[{"href":"https:\/\/www.zunoticia.com\/noticias-de-hidalgo\/wp-json\/wp\/v2\/posts"}],"about":[{"href":"https:\/\/www.zunoticia.com\/noticias-de-hidalgo\/wp-json\/wp\/v2\/types\/post"}],"author":[{"embeddable":true,"href":"https:\/\/www.zunoticia.com\/noticias-de-hidalgo\/wp-json\/wp\/v2\/users\/20"}],"replies":[{"embeddable":true,"href":"https:\/\/www.zunoticia.com\/noticias-de-hidalgo\/wp-json\/wp\/v2\/comments?post=579565"}],"version-history":[{"count":1,"href":"https:\/\/www.zunoticia.com\/noticias-de-hidalgo\/wp-json\/wp\/v2\/posts\/579565\/revisions"}],"predecessor-version":[{"id":579567,"href":"https:\/\/www.zunoticia.com\/noticias-de-hidalgo\/wp-json\/wp\/v2\/posts\/579565\/revisions\/579567"}],"wp:featuredmedia":[{"embeddable":true,"href":"https:\/\/www.zunoticia.com\/noticias-de-hidalgo\/wp-json\/wp\/v2\/media\/579566"}],"wp:attachment":[{"href":"https:\/\/www.zunoticia.com\/noticias-de-hidalgo\/wp-json\/wp\/v2\/media?parent=579565"}],"wp:term":[{"taxonomy":"category","embeddable":true,"href":"https:\/\/www.zunoticia.com\/noticias-de-hidalgo\/wp-json\/wp\/v2\/categories?post=579565"},{"taxonomy":"post_tag","embeddable":true,"href":"https:\/\/www.zunoticia.com\/noticias-de-hidalgo\/wp-json\/wp\/v2\/tags?post=579565"}],"curies":[{"name":"wp","href":"https:\/\/api.w.org\/{rel}","templated":true}]}}