{"id":579568,"date":"2025-01-13T15:36:07","date_gmt":"2025-01-13T21:36:07","guid":{"rendered":"https:\/\/www.zunoticia.com\/noticias-de-hidalgo\/?p=579568"},"modified":"2025-01-13T15:36:09","modified_gmt":"2025-01-13T21:36:09","slug":"un-problema-comun-que-la-gente-de-comunidades-no-cuente-con-identidad-registro-del-estado-familiar","status":"publish","type":"post","link":"https:\/\/www.zunoticia.com\/noticias-de-hidalgo\/2025\/01\/13\/un-problema-comun-que-la-gente-de-comunidades-no-cuente-con-identidad-registro-del-estado-familiar\/","title":{"rendered":"Un problema com\u00fan, que la gente de comunidades no cuente con identidad: Registro del Estado Familiar"},"content":{"rendered":"<aside class=\"mashsb-container mashsb-main mashsb-stretched\"><div class=\"mashsb-box\"><div class=\"mashsb-count mash-large\" style=\"float:left\"><div class=\"counts mashsbcount\">0<\/div><span class=\"mashsb-sharetext\">SHARES<\/span><\/div><div class=\"mashsb-buttons\"><a class=\"mashicon-facebook mash-large mash-center mashsb-noshadow\" href=\"https:\/\/www.facebook.com\/sharer.php?u=https%3A%2F%2Fwww.zunoticia.com%2Fnoticias-de-hidalgo%2F2025%2F01%2F13%2Fun-problema-comun-que-la-gente-de-comunidades-no-cuente-con-identidad-registro-del-estado-familiar%2F\" target=\"_top\" rel=\"nofollow\"><span class=\"icon\"><\/span><span class=\"text\">Share<\/span><\/a><a class=\"mashicon-twitter mash-large mash-center mashsb-noshadow\" href=\"https:\/\/twitter.com\/intent\/tweet?text=&amp;url=https:\/\/www.zunoticia.com\/noticias-de-hidalgo\/2025\/01\/13\/un-problema-comun-que-la-gente-de-comunidades-no-cuente-con-identidad-registro-del-estado-familiar\/\" target=\"_top\" rel=\"nofollow\"><span class=\"icon\"><\/span><span class=\"text\">Tweet<\/span><\/a><div class=\"onoffswitch2 mash-large mashsb-noshadow\" style=\"display:none\"><\/div><\/div>\n            <\/div>\n                <div style=\"clear:both\"><\/div><div class=\"mashsb-toggle-container\"><\/div><\/aside>\n            <!-- Share buttons by mashshare.net - Version: 4.0.47-->\n<ul class=\"wp-block-list\">\n<li>Entregaron actas extempor\u00e1neas.<\/li>\n<\/ul>\n\n\n\n<p>Por Karen Rivera\/ Zunoticia<\/p>\n\n\n\n<p><strong>Huejutla de Reyes, Hgo<\/strong>.- En las condiciones es muy com\u00fan que se cuente con ciudadanos que no tienen identidad a trav\u00e9s de un acta de nacimiento; reconoci\u00f3 el Registro del Estado Familiar del municipio, que es un problema recurrente, tema que se viene arrastrando desde administraciones anteriores.<\/p>\n\n\n\n<p>&#8220;En esta administraci\u00f3n que encabeza Jos\u00e9 Alfredo San Rom\u00e1n Duval, nos ha girado instrucciones que podamos dar y atender estos expedientes rezagados&#8221;, expres\u00f3<\/p>\n\n\n\n<p>El Oficial del Registro del Estado Familiar del municipio, H\u00e9ctor David Castillo, inform\u00f3 que, muchos ciudadanos no cuentan con una identidad, sin embargo, los registrar\u00e1n a la brevedad, porque en las comunidades es donde existe este rezago de actas extempor\u00e1neas.<\/p>\n\n\n\n<p>Dijo que, al no contar con estos documentos, no pueden acceder a tr\u00e1mites como la credencial de elector, pasaporte o los programas de Bienestar.<\/p>\n\n\n\n<p>Sin embargo, gracias a la intervenci\u00f3n de la presidenta del SMDIF, Kristel Rodr\u00edguez Flores, se realiz\u00f3 la entrega de 30 actas de nacimiento extempor\u00e1neas a ni\u00f1os, ni\u00f1as y adultos mayores de diversas comunidades.<\/p>\n\n\n\n<p>Se\u00f1al\u00f3 que, es un problema com\u00fan y existe una alta incidencia en la zona rural, donde ni\u00f1os y adultos mayores no cuentan con su acta de nacimiento.<\/p>\n\n\n\n<p>Manifest\u00f3 que, a trav\u00e9s del SMDIF, el \u00e1rea Jur\u00eddica est\u00e1 llevando a cabo este tr\u00e1mite de manera gratuita, solo pagan la constancia de inexistencia de registro, mismas que tienen un valor de $40.00. pesos.<\/p>\n","protected":false},"excerpt":{"rendered":"<p>Por Karen Rivera\/ Zunoticia Huejutla de Reyes, Hgo.- En las condiciones es muy com\u00fan que se cuente con ciudadanos que no tienen identidad a trav\u00e9s de un acta de nacimiento; reconoci\u00f3 el Registro del Estado Familiar del municipio, que es un problema recurrente, tema que se viene arrastrando desde administraciones anteriores. &#8220;En esta administraci\u00f3n que&hellip; <a class=\"more-link\" href=\"https:\/\/www.zunoticia.com\/noticias-de-hidalgo\/2025\/01\/13\/un-problema-comun-que-la-gente-de-comunidades-no-cuente-con-identidad-registro-del-estado-familiar\/\">Seguir leyendo <span class=\"screen-reader-text\">Un problema com\u00fan, que la gente de comunidades no cuente con identidad: Registro del Estado Familiar<\/span><\/a><\/p>\n","protected":false},"author":20,"featured_media":579569,"comment_status":"open","ping_status":"open","sticky":false,"template":"","format":"standard","meta":{"rop_custom_images_group":[],"rop_custom_messages_group":[],"rop_publish_now":"initial","rop_publish_now_accounts":{"facebook_10159540855086992_322828327761733":""},"rop_publish_now_history":[],"rop_publish_now_status":"pending","footnotes":""},"categories":[181],"tags":[121],"class_list":["post-579568","post","type-post","status-publish","format-standard","has-post-thumbnail","hentry","category-huejutla","tag-huejutla","entry"],"_links":{"self":[{"href":"https:\/\/www.zunoticia.com\/noticias-de-hidalgo\/wp-json\/wp\/v2\/posts\/579568","targetHints":{"allow":["GET"]}}],"collection":[{"href":"https:\/\/www.zunoticia.com\/noticias-de-hidalgo\/wp-json\/wp\/v2\/posts"}],"about":[{"href":"https:\/\/www.zunoticia.com\/noticias-de-hidalgo\/wp-json\/wp\/v2\/types\/post"}],"author":[{"embeddable":true,"href":"https:\/\/www.zunoticia.com\/noticias-de-hidalgo\/wp-json\/wp\/v2\/users\/20"}],"replies":[{"embeddable":true,"href":"https:\/\/www.zunoticia.com\/noticias-de-hidalgo\/wp-json\/wp\/v2\/comments?post=579568"}],"version-history":[{"count":1,"href":"https:\/\/www.zunoticia.com\/noticias-de-hidalgo\/wp-json\/wp\/v2\/posts\/579568\/revisions"}],"predecessor-version":[{"id":579570,"href":"https:\/\/www.zunoticia.com\/noticias-de-hidalgo\/wp-json\/wp\/v2\/posts\/579568\/revisions\/579570"}],"wp:featuredmedia":[{"embeddable":true,"href":"https:\/\/www.zunoticia.com\/noticias-de-hidalgo\/wp-json\/wp\/v2\/media\/579569"}],"wp:attachment":[{"href":"https:\/\/www.zunoticia.com\/noticias-de-hidalgo\/wp-json\/wp\/v2\/media?parent=579568"}],"wp:term":[{"taxonomy":"category","embeddable":true,"href":"https:\/\/www.zunoticia.com\/noticias-de-hidalgo\/wp-json\/wp\/v2\/categories?post=579568"},{"taxonomy":"post_tag","embeddable":true,"href":"https:\/\/www.zunoticia.com\/noticias-de-hidalgo\/wp-json\/wp\/v2\/tags?post=579568"}],"curies":[{"name":"wp","href":"https:\/\/api.w.org\/{rel}","templated":true}]}}