{"id":579595,"date":"2025-01-13T17:21:26","date_gmt":"2025-01-13T23:21:26","guid":{"rendered":"https:\/\/www.zunoticia.com\/noticias-de-hidalgo\/?p=579595"},"modified":"2025-01-13T17:21:27","modified_gmt":"2025-01-13T23:21:27","slug":"heridos-en-choque-de-urvan-pasajera-con-camioneta","status":"publish","type":"post","link":"https:\/\/www.zunoticia.com\/noticias-de-hidalgo\/2025\/01\/13\/heridos-en-choque-de-urvan-pasajera-con-camioneta\/","title":{"rendered":"Heridos en choque de Urvan pasajera con camioneta"},"content":{"rendered":"<aside class=\"mashsb-container mashsb-main mashsb-stretched\"><div class=\"mashsb-box\"><div class=\"mashsb-count mash-large\" style=\"float:left\"><div class=\"counts mashsbcount\">0<\/div><span class=\"mashsb-sharetext\">SHARES<\/span><\/div><div class=\"mashsb-buttons\"><a class=\"mashicon-facebook mash-large mash-center mashsb-noshadow\" href=\"https:\/\/www.facebook.com\/sharer.php?u=https%3A%2F%2Fwww.zunoticia.com%2Fnoticias-de-hidalgo%2F2025%2F01%2F13%2Fheridos-en-choque-de-urvan-pasajera-con-camioneta%2F\" target=\"_top\" rel=\"nofollow\"><span class=\"icon\"><\/span><span class=\"text\">Share<\/span><\/a><a class=\"mashicon-twitter mash-large mash-center mashsb-noshadow\" href=\"https:\/\/twitter.com\/intent\/tweet?text=&amp;url=https:\/\/www.zunoticia.com\/noticias-de-hidalgo\/2025\/01\/13\/heridos-en-choque-de-urvan-pasajera-con-camioneta\/\" target=\"_top\" rel=\"nofollow\"><span class=\"icon\"><\/span><span class=\"text\">Tweet<\/span><\/a><div class=\"onoffswitch2 mash-large mashsb-noshadow\" style=\"display:none\"><\/div><\/div>\n            <\/div>\n                <div style=\"clear:both\"><\/div><div class=\"mashsb-toggle-container\"><\/div><\/aside>\n            <!-- Share buttons by mashshare.net - Version: 4.0.47-->\n<p><em>Por Roberto Ram\u00edrez \/Zunoticia<\/em><\/p>\n\n\n\n<p><strong>Lolotla, Hgo<\/strong>. &#8211; El choque de una camioneta con una Urvan pasajera dej\u00f3 varios lesionados, al lugar de los hechos acudieron elementos de la Polic\u00eda Municipal y de Protecci\u00f3n Civil municipal para auxiliar a los lesionados y trasladarlos al Centro de salud de ese municipio, por las lesiones.<\/p>\n\n\n\n<p>Fue sobre la v\u00eda federal M\u00e9xico-Tampico, a la altura de la Telesecundaria de esta municipalidad, donde se impactaron una Urvan pasajera Nissan de la ruta Ixcuicuila Molango y una camioneta Ford, color azul con camper, dejando dos personas de la tercera edad lesionadas.<\/p>\n\n\n\n<p>Param\u00e9dicos de Protecci\u00f3n Civil municipal de inmediato acudieron al lugar para brindar el apoyo de los lesionados, tras ser valorados los heridos fueron trasladados al Hospital la Ilusi\u00f3n de Tlanchinol, ya que uno presentaba fractura nasal y otra con laceraciones en su cabeza; mientras que otros solo sufrieron contusiones.<\/p>\n\n\n\n<p>Polic\u00edas municipales estales acudieron al lugar para intervenir en este accidente y ordenar el remolque de las unidades al corral\u00f3n.<\/p>\n","protected":false},"excerpt":{"rendered":"<p>Por Roberto Ram\u00edrez \/Zunoticia Lolotla, Hgo. &#8211; El choque de una camioneta con una Urvan pasajera dej\u00f3 varios lesionados, al lugar de los hechos acudieron elementos de la Polic\u00eda Municipal y de Protecci\u00f3n Civil municipal para auxiliar a los lesionados y trasladarlos al Centro de salud de ese municipio, por las lesiones. Fue sobre la&hellip; <a class=\"more-link\" href=\"https:\/\/www.zunoticia.com\/noticias-de-hidalgo\/2025\/01\/13\/heridos-en-choque-de-urvan-pasajera-con-camioneta\/\">Seguir leyendo <span class=\"screen-reader-text\">Heridos en choque de Urvan pasajera con camioneta<\/span><\/a><\/p>\n","protected":false},"author":20,"featured_media":579596,"comment_status":"open","ping_status":"open","sticky":false,"template":"","format":"standard","meta":{"rop_custom_images_group":[],"rop_custom_messages_group":[],"rop_publish_now":"initial","rop_publish_now_accounts":{"facebook_10159540855086992_322828327761733":""},"rop_publish_now_history":[],"rop_publish_now_status":"pending","footnotes":""},"categories":[178],"tags":[259],"class_list":["post-579595","post","type-post","status-publish","format-standard","has-post-thumbnail","hentry","category-policiaca","tag-policiaca","entry"],"_links":{"self":[{"href":"https:\/\/www.zunoticia.com\/noticias-de-hidalgo\/wp-json\/wp\/v2\/posts\/579595","targetHints":{"allow":["GET"]}}],"collection":[{"href":"https:\/\/www.zunoticia.com\/noticias-de-hidalgo\/wp-json\/wp\/v2\/posts"}],"about":[{"href":"https:\/\/www.zunoticia.com\/noticias-de-hidalgo\/wp-json\/wp\/v2\/types\/post"}],"author":[{"embeddable":true,"href":"https:\/\/www.zunoticia.com\/noticias-de-hidalgo\/wp-json\/wp\/v2\/users\/20"}],"replies":[{"embeddable":true,"href":"https:\/\/www.zunoticia.com\/noticias-de-hidalgo\/wp-json\/wp\/v2\/comments?post=579595"}],"version-history":[{"count":1,"href":"https:\/\/www.zunoticia.com\/noticias-de-hidalgo\/wp-json\/wp\/v2\/posts\/579595\/revisions"}],"predecessor-version":[{"id":579597,"href":"https:\/\/www.zunoticia.com\/noticias-de-hidalgo\/wp-json\/wp\/v2\/posts\/579595\/revisions\/579597"}],"wp:featuredmedia":[{"embeddable":true,"href":"https:\/\/www.zunoticia.com\/noticias-de-hidalgo\/wp-json\/wp\/v2\/media\/579596"}],"wp:attachment":[{"href":"https:\/\/www.zunoticia.com\/noticias-de-hidalgo\/wp-json\/wp\/v2\/media?parent=579595"}],"wp:term":[{"taxonomy":"category","embeddable":true,"href":"https:\/\/www.zunoticia.com\/noticias-de-hidalgo\/wp-json\/wp\/v2\/categories?post=579595"},{"taxonomy":"post_tag","embeddable":true,"href":"https:\/\/www.zunoticia.com\/noticias-de-hidalgo\/wp-json\/wp\/v2\/tags?post=579595"}],"curies":[{"name":"wp","href":"https:\/\/api.w.org\/{rel}","templated":true}]}}