{"id":579601,"date":"2025-01-13T17:39:03","date_gmt":"2025-01-13T23:39:03","guid":{"rendered":"https:\/\/www.zunoticia.com\/noticias-de-hidalgo\/?p=579601"},"modified":"2025-01-13T17:39:05","modified_gmt":"2025-01-13T23:39:05","slug":"inician-las-actividades-administrativas-2025-en-el-ith","status":"publish","type":"post","link":"https:\/\/www.zunoticia.com\/noticias-de-hidalgo\/2025\/01\/13\/inician-las-actividades-administrativas-2025-en-el-ith\/","title":{"rendered":"Inician las actividades administrativas 2025 en el ITH"},"content":{"rendered":"<aside class=\"mashsb-container mashsb-main mashsb-stretched\"><div class=\"mashsb-box\"><div class=\"mashsb-count mash-large\" style=\"float:left\"><div class=\"counts mashsbcount\">0<\/div><span class=\"mashsb-sharetext\">SHARES<\/span><\/div><div class=\"mashsb-buttons\"><a class=\"mashicon-facebook mash-large mash-center mashsb-noshadow\" href=\"https:\/\/www.facebook.com\/sharer.php?u=https%3A%2F%2Fwww.zunoticia.com%2Fnoticias-de-hidalgo%2F2025%2F01%2F13%2Finician-las-actividades-administrativas-2025-en-el-ith%2F\" target=\"_top\" rel=\"nofollow\"><span class=\"icon\"><\/span><span class=\"text\">Share<\/span><\/a><a class=\"mashicon-twitter mash-large mash-center mashsb-noshadow\" href=\"https:\/\/twitter.com\/intent\/tweet?text=&amp;url=https:\/\/www.zunoticia.com\/noticias-de-hidalgo\/2025\/01\/13\/inician-las-actividades-administrativas-2025-en-el-ith\/\" target=\"_top\" rel=\"nofollow\"><span class=\"icon\"><\/span><span class=\"text\">Tweet<\/span><\/a><div class=\"onoffswitch2 mash-large mashsb-noshadow\" style=\"display:none\"><\/div><\/div>\n            <\/div>\n                <div style=\"clear:both\"><\/div><div class=\"mashsb-toggle-container\"><\/div><\/aside>\n            <!-- Share buttons by mashshare.net - Version: 4.0.47-->\n<p><em>Por Gabriela Hern\u00e1ndez\/Zunoticia<\/em><\/p>\n\n\n\n<p><strong>Huejutla, Hgo<\/strong>.- Este lunes en el Centro de Informaci\u00f3n, se llev\u00f3 a cabo el inicio de las actividades administrativas del Instituto Tecnol\u00f3gico de Huejutla. Este evento, organizado en conjunto por la direcci\u00f3n y la delegaci\u00f3n sindical, cont\u00f3 con la entusiasta participaci\u00f3n de todo el personal.<\/p>\n\n\n\n<p>Durante la reuni\u00f3n, adem\u00e1s de disfrutar de un agradable convivencia, dando un c\u00e1lido inicio al nuevo a\u00f1o laboral, el director de la casa de estudios Lic. Evaristo Rogaciano L\u00f3pez, agradeci\u00f3 la presencia de todo el personal, adem\u00e1s les dese\u00f3 que sea un a\u00f1o lleno de logros y \u00e9xitos para la comunidad tecnol\u00f3gica; as\u00ed mismo, destac\u00f3 la importancia de la unidad y el trabajo en equipo para alcanzar los objetivos institucionales, reafirmando el compromiso con la formaci\u00f3n integral de la comunidad estudiantil.<\/p>\n\n\n\n<p>Los alumnos de la instituci\u00f3n, desde el primero de enero hasta el diez de este mes, realizaron su proceso de reinscripci\u00f3n, por lo que se encuentran listos para regresar a las aulas despu\u00e9s del periodo vacacional decembrino, retornando hasta el pr\u00f3ximo 27 de enero.<\/p>\n","protected":false},"excerpt":{"rendered":"<p>Por Gabriela Hern\u00e1ndez\/Zunoticia Huejutla, Hgo.- Este lunes en el Centro de Informaci\u00f3n, se llev\u00f3 a cabo el inicio de las actividades administrativas del Instituto Tecnol\u00f3gico de Huejutla. Este evento, organizado en conjunto por la direcci\u00f3n y la delegaci\u00f3n sindical, cont\u00f3 con la entusiasta participaci\u00f3n de todo el personal. Durante la reuni\u00f3n, adem\u00e1s de disfrutar de&hellip; <a class=\"more-link\" href=\"https:\/\/www.zunoticia.com\/noticias-de-hidalgo\/2025\/01\/13\/inician-las-actividades-administrativas-2025-en-el-ith\/\">Seguir leyendo <span class=\"screen-reader-text\">Inician las actividades administrativas 2025 en el ITH<\/span><\/a><\/p>\n","protected":false},"author":20,"featured_media":579602,"comment_status":"open","ping_status":"open","sticky":false,"template":"","format":"standard","meta":{"rop_custom_images_group":[],"rop_custom_messages_group":[],"rop_publish_now":"initial","rop_publish_now_accounts":{"facebook_10159540855086992_322828327761733":""},"rop_publish_now_history":[],"rop_publish_now_status":"pending","footnotes":""},"categories":[181],"tags":[121],"class_list":["post-579601","post","type-post","status-publish","format-standard","has-post-thumbnail","hentry","category-huejutla","tag-huejutla","entry"],"_links":{"self":[{"href":"https:\/\/www.zunoticia.com\/noticias-de-hidalgo\/wp-json\/wp\/v2\/posts\/579601","targetHints":{"allow":["GET"]}}],"collection":[{"href":"https:\/\/www.zunoticia.com\/noticias-de-hidalgo\/wp-json\/wp\/v2\/posts"}],"about":[{"href":"https:\/\/www.zunoticia.com\/noticias-de-hidalgo\/wp-json\/wp\/v2\/types\/post"}],"author":[{"embeddable":true,"href":"https:\/\/www.zunoticia.com\/noticias-de-hidalgo\/wp-json\/wp\/v2\/users\/20"}],"replies":[{"embeddable":true,"href":"https:\/\/www.zunoticia.com\/noticias-de-hidalgo\/wp-json\/wp\/v2\/comments?post=579601"}],"version-history":[{"count":1,"href":"https:\/\/www.zunoticia.com\/noticias-de-hidalgo\/wp-json\/wp\/v2\/posts\/579601\/revisions"}],"predecessor-version":[{"id":579603,"href":"https:\/\/www.zunoticia.com\/noticias-de-hidalgo\/wp-json\/wp\/v2\/posts\/579601\/revisions\/579603"}],"wp:featuredmedia":[{"embeddable":true,"href":"https:\/\/www.zunoticia.com\/noticias-de-hidalgo\/wp-json\/wp\/v2\/media\/579602"}],"wp:attachment":[{"href":"https:\/\/www.zunoticia.com\/noticias-de-hidalgo\/wp-json\/wp\/v2\/media?parent=579601"}],"wp:term":[{"taxonomy":"category","embeddable":true,"href":"https:\/\/www.zunoticia.com\/noticias-de-hidalgo\/wp-json\/wp\/v2\/categories?post=579601"},{"taxonomy":"post_tag","embeddable":true,"href":"https:\/\/www.zunoticia.com\/noticias-de-hidalgo\/wp-json\/wp\/v2\/tags?post=579601"}],"curies":[{"name":"wp","href":"https:\/\/api.w.org\/{rel}","templated":true}]}}