{"id":579626,"date":"2025-01-13T19:04:24","date_gmt":"2025-01-14T01:04:24","guid":{"rendered":"https:\/\/www.zunoticia.com\/noticias-de-hidalgo\/?p=579626"},"modified":"2025-01-13T19:04:26","modified_gmt":"2025-01-14T01:04:26","slug":"realizan-jornadas-por-la-paz-y-el-bienestar-del-pueblo","status":"publish","type":"post","link":"https:\/\/www.zunoticia.com\/noticias-de-hidalgo\/2025\/01\/13\/realizan-jornadas-por-la-paz-y-el-bienestar-del-pueblo\/","title":{"rendered":"Realizan Jornadas por la Paz y el Bienestar del Pueblo"},"content":{"rendered":"<aside class=\"mashsb-container mashsb-main mashsb-stretched\"><div class=\"mashsb-box\"><div class=\"mashsb-count mash-large\" style=\"float:left\"><div class=\"counts mashsbcount\">0<\/div><span class=\"mashsb-sharetext\">SHARES<\/span><\/div><div class=\"mashsb-buttons\"><a class=\"mashicon-facebook mash-large mash-center mashsb-noshadow\" href=\"https:\/\/www.facebook.com\/sharer.php?u=https%3A%2F%2Fwww.zunoticia.com%2Fnoticias-de-hidalgo%2F2025%2F01%2F13%2Frealizan-jornadas-por-la-paz-y-el-bienestar-del-pueblo%2F\" target=\"_top\" rel=\"nofollow\"><span class=\"icon\"><\/span><span class=\"text\">Share<\/span><\/a><a class=\"mashicon-twitter mash-large mash-center mashsb-noshadow\" href=\"https:\/\/twitter.com\/intent\/tweet?text=&amp;url=https:\/\/www.zunoticia.com\/noticias-de-hidalgo\/2025\/01\/13\/realizan-jornadas-por-la-paz-y-el-bienestar-del-pueblo\/\" target=\"_top\" rel=\"nofollow\"><span class=\"icon\"><\/span><span class=\"text\">Tweet<\/span><\/a><div class=\"onoffswitch2 mash-large mashsb-noshadow\" style=\"display:none\"><\/div><\/div>\n            <\/div>\n                <div style=\"clear:both\"><\/div><div class=\"mashsb-toggle-container\"><\/div><\/aside>\n            <!-- Share buttons by mashshare.net - Version: 4.0.47-->\n<ul class=\"wp-block-list\">\n<li>El tema prioritario fue la atenci\u00f3n a las mujeres<\/li>\n<\/ul>\n\n\n\n<p><em>Por Redacci\u00f3n\/Zunoticia<\/em><\/p>\n\n\n\n<p><strong>Pachuca de Soto, Hgo<\/strong>.- Los tres \u00f3rdenes de gobierno se sumaron en la Jornada por la Paz y Bienestar del Pueblo con \u00e9nfasis en el tema de violencia contra las mujeres. El objetivo fue generar un espacio de di\u00e1logo y reflexi\u00f3n para dar respuesta inmediata a las solicitudes realizadas por las asistentes.<\/p>\n\n\n\n<p>Esta reuni\u00f3n fue encabezada por el secretario de Gobierno, Guillermo Olivares Reyna, en la plaza principal de Mineral de la Reforma, donde estuvo acompa\u00f1ado por servidores y servidoras p\u00fablicas, quienes brindaron atenci\u00f3n y servicios a la poblaci\u00f3n.<\/p>\n\n\n\n<p>&nbsp;\u201cDebemos atender un flagelo que est\u00e1 haciendo mucho da\u00f1o a la sociedad y que es la violencia contra las mujeres en sus distintas modalidades, necesitamos comprometernos, necesitamos dar respuesta,\u201d expres\u00f3 el secretario de gobierno.&nbsp;<\/p>\n\n\n\n<p>Las participantes, dieron a conocer las dificultades a las que se enfrentaban en diferentes materias haciendo referencia a casos de violencia de g\u00e9nero en sus modalidades de f\u00edsica, psicol\u00f3gica, vicar\u00eda, sexual, laboral entre otras.&nbsp; As\u00ed mismo se\u00f1alaron a las instituciones que no les hab\u00edan dado la atenci\u00f3n adecuada.<\/p>\n\n\n\n<p>Ante esto, Olivares Reyna hizo un llamado a las y los servidores p\u00fablicos, \u201cdebemos ser emp\u00e1ticos debemos de ser contundentes en las respuestas ese es el prop\u00f3sito de estar aqu\u00ed con ustedes el d\u00eda de hoy\u201d, siendo las autoridades competentes quienes dieran cuenta de su actuar ante las denuncias emitidas por las hidalguenses.<\/p>\n\n\n\n<p>Mineral de la Reforma es el tercer municipio del estado en el cual se realiza este ejercicio de atenci\u00f3n prioritaria a mujeres, como compromiso de llevar los servicios de las dependencias del Gobierno de Hidalgo al lugar de los hechos, cumpliendo con la cercan\u00eda al pueblo, que ha dictaminado el gobernador Julio Menchaca.&nbsp;<\/p>\n\n\n\n<p>La din\u00e1mica en estas jornadas constaba de participaciones en bloques de cinco mujeres o representantes de colectivos, quienes expon\u00edan cada una sus inquietudes en tiempo de 3 minutos para que posteriormente a lo planteado, la autoridad competente emitiera una respuesta.<\/p>\n\n\n\n<figure class=\"wp-block-image size-full\"><img fetchpriority=\"high\" decoding=\"async\" width=\"933\" height=\"524\" src=\"https:\/\/www.zunoticia.com\/noticias-de-hidalgo\/wp-content\/uploads\/2025\/01\/Zunoticia-Huejutla-1-100.png\" alt=\"\" class=\"wp-image-579628\"\/><\/figure>\n\n\n\n<p>El secretario Olivares puntualiz\u00f3 que \u201clas respuestas a sus planteamientos se van hacer de manera directa y desde luego les vamos hacer el seguimiento de todos los compromisos que aqu\u00ed se han adquirido\u201d.<\/p>\n\n\n\n<p>Al mismo tiempo que se desarrollaba el foro de participaci\u00f3n, estaba presente la feria de atenci\u00f3n ciudadana, donde se cont\u00f3 con m\u00f3dulos de diversas instancias tanto municipales, como estatales y federales.<\/p>\n\n\n\n<p>Entre los servicios presentados en dicha feria, se cont\u00f3 con un m\u00f3dulo de vacunaci\u00f3n, atenci\u00f3n m\u00e9dica, asesor\u00edas jur\u00eddica y psicol\u00f3gica, de procuraci\u00f3n de justicia, de Guardia Nacional, Secretar\u00eda de la Defensa Nacional (SEDENA), protecci\u00f3n civil, as\u00ed como programas de Bienestar y Agricultura federal.<\/p>\n\n\n\n<p>Estas jornadas llegar\u00e1n a los municipios que as\u00ed lo soliciten a la Secretar\u00eda de Gobierno.<\/p>\n","protected":false},"excerpt":{"rendered":"<p>Por Redacci\u00f3n\/Zunoticia Pachuca de Soto, Hgo.- Los tres \u00f3rdenes de gobierno se sumaron en la Jornada por la Paz y Bienestar del Pueblo con \u00e9nfasis en el tema de violencia contra las mujeres. El objetivo fue generar un espacio de di\u00e1logo y reflexi\u00f3n para dar respuesta inmediata a las solicitudes realizadas por las asistentes. Esta&hellip; <a class=\"more-link\" href=\"https:\/\/www.zunoticia.com\/noticias-de-hidalgo\/2025\/01\/13\/realizan-jornadas-por-la-paz-y-el-bienestar-del-pueblo\/\">Seguir leyendo <span class=\"screen-reader-text\">Realizan Jornadas por la Paz y el Bienestar del Pueblo<\/span><\/a><\/p>\n","protected":false},"author":20,"featured_media":579627,"comment_status":"open","ping_status":"open","sticky":false,"template":"","format":"standard","meta":{"rop_custom_images_group":[],"rop_custom_messages_group":[],"rop_publish_now":"initial","rop_publish_now_accounts":{"facebook_10159540855086992_322828327761733":""},"rop_publish_now_history":[],"rop_publish_now_status":"pending","footnotes":""},"categories":[208],"tags":[214],"class_list":["post-579626","post","type-post","status-publish","format-standard","has-post-thumbnail","hentry","category-estado","tag-estado","entry"],"_links":{"self":[{"href":"https:\/\/www.zunoticia.com\/noticias-de-hidalgo\/wp-json\/wp\/v2\/posts\/579626","targetHints":{"allow":["GET"]}}],"collection":[{"href":"https:\/\/www.zunoticia.com\/noticias-de-hidalgo\/wp-json\/wp\/v2\/posts"}],"about":[{"href":"https:\/\/www.zunoticia.com\/noticias-de-hidalgo\/wp-json\/wp\/v2\/types\/post"}],"author":[{"embeddable":true,"href":"https:\/\/www.zunoticia.com\/noticias-de-hidalgo\/wp-json\/wp\/v2\/users\/20"}],"replies":[{"embeddable":true,"href":"https:\/\/www.zunoticia.com\/noticias-de-hidalgo\/wp-json\/wp\/v2\/comments?post=579626"}],"version-history":[{"count":1,"href":"https:\/\/www.zunoticia.com\/noticias-de-hidalgo\/wp-json\/wp\/v2\/posts\/579626\/revisions"}],"predecessor-version":[{"id":579629,"href":"https:\/\/www.zunoticia.com\/noticias-de-hidalgo\/wp-json\/wp\/v2\/posts\/579626\/revisions\/579629"}],"wp:featuredmedia":[{"embeddable":true,"href":"https:\/\/www.zunoticia.com\/noticias-de-hidalgo\/wp-json\/wp\/v2\/media\/579627"}],"wp:attachment":[{"href":"https:\/\/www.zunoticia.com\/noticias-de-hidalgo\/wp-json\/wp\/v2\/media?parent=579626"}],"wp:term":[{"taxonomy":"category","embeddable":true,"href":"https:\/\/www.zunoticia.com\/noticias-de-hidalgo\/wp-json\/wp\/v2\/categories?post=579626"},{"taxonomy":"post_tag","embeddable":true,"href":"https:\/\/www.zunoticia.com\/noticias-de-hidalgo\/wp-json\/wp\/v2\/tags?post=579626"}],"curies":[{"name":"wp","href":"https:\/\/api.w.org\/{rel}","templated":true}]}}