{"id":579630,"date":"2025-01-13T19:12:41","date_gmt":"2025-01-14T01:12:41","guid":{"rendered":"https:\/\/www.zunoticia.com\/noticias-de-hidalgo\/?p=579630"},"modified":"2025-01-13T19:12:42","modified_gmt":"2025-01-14T01:12:42","slug":"madereros-piden-apoyo-del-gobierno-del-estado-ante-operativos-federales","status":"publish","type":"post","link":"https:\/\/www.zunoticia.com\/noticias-de-hidalgo\/2025\/01\/13\/madereros-piden-apoyo-del-gobierno-del-estado-ante-operativos-federales\/","title":{"rendered":"Madereros piden apoyo del Gobierno del Estado ante operativos federales"},"content":{"rendered":"<aside class=\"mashsb-container mashsb-main mashsb-stretched\"><div class=\"mashsb-box\"><div class=\"mashsb-count mash-large\" style=\"float:left\"><div class=\"counts mashsbcount\">0<\/div><span class=\"mashsb-sharetext\">SHARES<\/span><\/div><div class=\"mashsb-buttons\"><a class=\"mashicon-facebook mash-large mash-center mashsb-noshadow\" href=\"https:\/\/www.facebook.com\/sharer.php?u=https%3A%2F%2Fwww.zunoticia.com%2Fnoticias-de-hidalgo%2F2025%2F01%2F13%2Fmadereros-piden-apoyo-del-gobierno-del-estado-ante-operativos-federales%2F\" target=\"_top\" rel=\"nofollow\"><span class=\"icon\"><\/span><span class=\"text\">Share<\/span><\/a><a class=\"mashicon-twitter mash-large mash-center mashsb-noshadow\" href=\"https:\/\/twitter.com\/intent\/tweet?text=&amp;url=https:\/\/www.zunoticia.com\/noticias-de-hidalgo\/2025\/01\/13\/madereros-piden-apoyo-del-gobierno-del-estado-ante-operativos-federales\/\" target=\"_top\" rel=\"nofollow\"><span class=\"icon\"><\/span><span class=\"text\">Tweet<\/span><\/a><div class=\"onoffswitch2 mash-large mashsb-noshadow\" style=\"display:none\"><\/div><\/div>\n            <\/div>\n                <div style=\"clear:both\"><\/div><div class=\"mashsb-toggle-container\"><\/div><\/aside>\n            <!-- Share buttons by mashshare.net - Version: 4.0.47-->\n<ul class=\"wp-block-list\">\n<li>Buscan no ser afectados por la extracci\u00f3n de recursos naturales.<\/li>\n<\/ul>\n\n\n\n<p><em>Por Karen Rivera\/ Zunoticia<\/em><\/p>\n\n\n\n<p><strong>Huejutla de Reyes, Hgo<\/strong>.- Artesanos madereros de las comunidades de La Curva Tlaltzintla, Oxtomal I y II y Palzoquiapa, acudieron a las oficinas de la Subsecretar\u00eda de Gobernaci\u00f3n en la Huasteca para buscar cobijo y a su vez, solicitar un permiso para prevenir que en los operativos federales les retengan los recursos maderables.<\/p>\n\n\n\n<p>Durante la tarde del 13 de enero del 2025, aproximadamente 20 unidades provenientes de las comunidades de La Curva Tlaltzintla, Oxtomal I y II y Palzoquiapa, acudieron a las oficinas de la Subsecretar\u00eda, para entablar un di\u00e1logo con Ignacio Nava Navarrete, titular de dicha dependencia.<\/p>\n\n\n\n<p>Con ello, una comitiva ingres\u00f3 a la sala de juntas para entablar un di\u00e1logo y solicitar el respaldo del Gobierno del Estado ante los operativos federales que han provocado el decomiso de madera en otras localidades cercanas.<\/p>\n\n\n\n<figure class=\"wp-block-image size-full\"><img fetchpriority=\"high\" decoding=\"async\" width=\"933\" height=\"524\" src=\"https:\/\/www.zunoticia.com\/noticias-de-hidalgo\/wp-content\/uploads\/2025\/01\/Zunoticia-Huejutla-1-101.png\" alt=\"\" class=\"wp-image-579632\"\/><\/figure>\n\n\n\n<p>El temor crece entre los carpinteros y serradores de estas zonas, quienes aseguran que las acciones de la Fiscal\u00eda General de la Rep\u00fablica, enfocadas en la extracci\u00f3n ilegal de recursos maderables, est\u00e1n afectando su sustento y actividades econ\u00f3micas.<\/p>\n\n\n\n<p>Estos trabajadores dependen de la madera para la fabricaci\u00f3n de muebles y la producci\u00f3n de carb\u00f3n, por lo que la restricci\u00f3n en el uso de los recursos madereros podr\u00eda poner en riesgo sus empleos y medios de vida.<\/p>\n\n\n\n<p>Ante esta situaci\u00f3n, los artesanos han solicitado la intervenci\u00f3n del Gobierno Estatal para obtener permisos que les permitan continuar con su labor sin temor a represalias o decomisos.<\/p>\n\n\n\n<p>Los afectados piden que, se reconozca su actividad como un oficio tradicional y que se busquen alternativas legales que les permitan seguir trabajando de manera sustentable, garantizando el uso responsable de los recursos naturales sin poner en peligro el medio ambiente.<\/p>\n\n\n\n<p>El conflicto refleja la tensi\u00f3n entre las pol\u00edticas federales de conservaci\u00f3n ambiental y las necesidades econ\u00f3micas de las comunidades rurales, que hist\u00f3ricamente han dependido de la explotaci\u00f3n forestal para su sustento.<\/p>\n","protected":false},"excerpt":{"rendered":"<p>Por Karen Rivera\/ Zunoticia Huejutla de Reyes, Hgo.- Artesanos madereros de las comunidades de La Curva Tlaltzintla, Oxtomal I y II y Palzoquiapa, acudieron a las oficinas de la Subsecretar\u00eda de Gobernaci\u00f3n en la Huasteca para buscar cobijo y a su vez, solicitar un permiso para prevenir que en los operativos federales les retengan los&hellip; <a class=\"more-link\" href=\"https:\/\/www.zunoticia.com\/noticias-de-hidalgo\/2025\/01\/13\/madereros-piden-apoyo-del-gobierno-del-estado-ante-operativos-federales\/\">Seguir leyendo <span class=\"screen-reader-text\">Madereros piden apoyo del Gobierno del Estado ante operativos federales<\/span><\/a><\/p>\n","protected":false},"author":20,"featured_media":579631,"comment_status":"open","ping_status":"open","sticky":false,"template":"","format":"standard","meta":{"rop_custom_images_group":[],"rop_custom_messages_group":[],"rop_publish_now":"initial","rop_publish_now_accounts":{"facebook_10159540855086992_322828327761733":""},"rop_publish_now_history":[],"rop_publish_now_status":"pending","footnotes":""},"categories":[181],"tags":[121],"class_list":["post-579630","post","type-post","status-publish","format-standard","has-post-thumbnail","hentry","category-huejutla","tag-huejutla","entry"],"_links":{"self":[{"href":"https:\/\/www.zunoticia.com\/noticias-de-hidalgo\/wp-json\/wp\/v2\/posts\/579630","targetHints":{"allow":["GET"]}}],"collection":[{"href":"https:\/\/www.zunoticia.com\/noticias-de-hidalgo\/wp-json\/wp\/v2\/posts"}],"about":[{"href":"https:\/\/www.zunoticia.com\/noticias-de-hidalgo\/wp-json\/wp\/v2\/types\/post"}],"author":[{"embeddable":true,"href":"https:\/\/www.zunoticia.com\/noticias-de-hidalgo\/wp-json\/wp\/v2\/users\/20"}],"replies":[{"embeddable":true,"href":"https:\/\/www.zunoticia.com\/noticias-de-hidalgo\/wp-json\/wp\/v2\/comments?post=579630"}],"version-history":[{"count":1,"href":"https:\/\/www.zunoticia.com\/noticias-de-hidalgo\/wp-json\/wp\/v2\/posts\/579630\/revisions"}],"predecessor-version":[{"id":579633,"href":"https:\/\/www.zunoticia.com\/noticias-de-hidalgo\/wp-json\/wp\/v2\/posts\/579630\/revisions\/579633"}],"wp:featuredmedia":[{"embeddable":true,"href":"https:\/\/www.zunoticia.com\/noticias-de-hidalgo\/wp-json\/wp\/v2\/media\/579631"}],"wp:attachment":[{"href":"https:\/\/www.zunoticia.com\/noticias-de-hidalgo\/wp-json\/wp\/v2\/media?parent=579630"}],"wp:term":[{"taxonomy":"category","embeddable":true,"href":"https:\/\/www.zunoticia.com\/noticias-de-hidalgo\/wp-json\/wp\/v2\/categories?post=579630"},{"taxonomy":"post_tag","embeddable":true,"href":"https:\/\/www.zunoticia.com\/noticias-de-hidalgo\/wp-json\/wp\/v2\/tags?post=579630"}],"curies":[{"name":"wp","href":"https:\/\/api.w.org\/{rel}","templated":true}]}}