{"id":579635,"date":"2025-01-13T20:44:05","date_gmt":"2025-01-14T02:44:05","guid":{"rendered":"https:\/\/www.zunoticia.com\/noticias-de-hidalgo\/?p=579635"},"modified":"2025-01-13T20:44:07","modified_gmt":"2025-01-14T02:44:07","slug":"iniciaran-campanas-de-prevencion-de-incendios-en-hidalgo","status":"publish","type":"post","link":"https:\/\/www.zunoticia.com\/noticias-de-hidalgo\/2025\/01\/13\/iniciaran-campanas-de-prevencion-de-incendios-en-hidalgo\/","title":{"rendered":"Iniciar\u00e1n campa\u00f1as de prevenci\u00f3n de incendios en Hidalgo"},"content":{"rendered":"<aside class=\"mashsb-container mashsb-main mashsb-stretched\"><div class=\"mashsb-box\"><div class=\"mashsb-count mash-large\" style=\"float:left\"><div class=\"counts mashsbcount\">0<\/div><span class=\"mashsb-sharetext\">SHARES<\/span><\/div><div class=\"mashsb-buttons\"><a class=\"mashicon-facebook mash-large mash-center mashsb-noshadow\" href=\"https:\/\/www.facebook.com\/sharer.php?u=https%3A%2F%2Fwww.zunoticia.com%2Fnoticias-de-hidalgo%2F2025%2F01%2F13%2Finiciaran-campanas-de-prevencion-de-incendios-en-hidalgo%2F\" target=\"_top\" rel=\"nofollow\"><span class=\"icon\"><\/span><span class=\"text\">Share<\/span><\/a><a class=\"mashicon-twitter mash-large mash-center mashsb-noshadow\" href=\"https:\/\/twitter.com\/intent\/tweet?text=&amp;url=https:\/\/www.zunoticia.com\/noticias-de-hidalgo\/2025\/01\/13\/iniciaran-campanas-de-prevencion-de-incendios-en-hidalgo\/\" target=\"_top\" rel=\"nofollow\"><span class=\"icon\"><\/span><span class=\"text\">Tweet<\/span><\/a><div class=\"onoffswitch2 mash-large mashsb-noshadow\" style=\"display:none\"><\/div><\/div>\n            <\/div>\n                <div style=\"clear:both\"><\/div><div class=\"mashsb-toggle-container\"><\/div><\/aside>\n            <!-- Share buttons by mashshare.net - Version: 4.0.47-->\n<ul class=\"wp-block-list\">\n<li>Ante los recientes incidentes registrados en la Zona Metropolitana de Pachuca<\/li>\n<\/ul>\n\n\n\n<p><em>Por Redacci\u00f3n\/Zunoticia<\/em><\/p>\n\n\n\n<p><strong>Pachuca, Hgo.-<\/strong> En el marco de la reuni\u00f3n semanal del Gabinete de Seguridad, el gobernador de Hidalgo, Julio Menchaca Salazar, anunci\u00f3 que en breve se lanzar\u00e1n campa\u00f1as de prevenci\u00f3n de incendios, ante los recientes incidentes registrados en la Zona Metropolitana de Pachuca, las intensas r\u00e1fagas de viento que se han presentado y las condiciones de sequ\u00eda que afectan a algunas regiones del estado.<\/p>\n\n\n\n<p>Por otra parte, el mandatario estatal dio a conocer que se localizaron y se pusieron a resguardo a dos menores de edad reportados como desaparecidos; el primero, originario del municipio de Tulancingo, fue atendido por la Polic\u00eda Violeta, y el segundo, un adolescente de 14 a\u00f1os y residente del estado de Chihuahua, quien fue encontrado en Pachuca.<\/p>\n\n\n\n<figure class=\"wp-block-image size-full\"><img fetchpriority=\"high\" decoding=\"async\" width=\"1280\" height=\"719\" src=\"https:\/\/www.zunoticia.com\/noticias-de-hidalgo\/wp-content\/uploads\/2025\/01\/eZy-Watermark_13-01-2025_08-32-37-4620p.m.jpg\" alt=\"\" class=\"wp-image-579636\"\/><\/figure>\n\n\n\n<p>Para finalizar, los integrantes del Gabinete de Seguridad informaron los resultados obtenidos en la Jornada por la Paz y Bienestar del Pueblo, con \u00e9nfasis en el tema de Violencia Contra las Mujeres, en la que participaron diversas autoridades en materia de seguridad, procuraci\u00f3n de justicia, as\u00ed como colectivos de la&nbsp;sociedad&nbsp;civil.<\/p>\n","protected":false},"excerpt":{"rendered":"<p>Por Redacci\u00f3n\/Zunoticia Pachuca, Hgo.- En el marco de la reuni\u00f3n semanal del Gabinete de Seguridad, el gobernador de Hidalgo, Julio Menchaca Salazar, anunci\u00f3 que en breve se lanzar\u00e1n campa\u00f1as de prevenci\u00f3n de incendios, ante los recientes incidentes registrados en la Zona Metropolitana de Pachuca, las intensas r\u00e1fagas de viento que se han presentado y las&hellip; <a class=\"more-link\" href=\"https:\/\/www.zunoticia.com\/noticias-de-hidalgo\/2025\/01\/13\/iniciaran-campanas-de-prevencion-de-incendios-en-hidalgo\/\">Seguir leyendo <span class=\"screen-reader-text\">Iniciar\u00e1n campa\u00f1as de prevenci\u00f3n de incendios en Hidalgo<\/span><\/a><\/p>\n","protected":false},"author":12,"featured_media":579637,"comment_status":"open","ping_status":"open","sticky":false,"template":"","format":"standard","meta":{"rop_custom_images_group":[],"rop_custom_messages_group":[],"rop_publish_now":"initial","rop_publish_now_accounts":{"facebook_10159540855086992_322828327761733":""},"rop_publish_now_history":[],"rop_publish_now_status":"pending","footnotes":""},"categories":[208],"tags":[214],"class_list":["post-579635","post","type-post","status-publish","format-standard","has-post-thumbnail","hentry","category-estado","tag-estado","entry"],"_links":{"self":[{"href":"https:\/\/www.zunoticia.com\/noticias-de-hidalgo\/wp-json\/wp\/v2\/posts\/579635","targetHints":{"allow":["GET"]}}],"collection":[{"href":"https:\/\/www.zunoticia.com\/noticias-de-hidalgo\/wp-json\/wp\/v2\/posts"}],"about":[{"href":"https:\/\/www.zunoticia.com\/noticias-de-hidalgo\/wp-json\/wp\/v2\/types\/post"}],"author":[{"embeddable":true,"href":"https:\/\/www.zunoticia.com\/noticias-de-hidalgo\/wp-json\/wp\/v2\/users\/12"}],"replies":[{"embeddable":true,"href":"https:\/\/www.zunoticia.com\/noticias-de-hidalgo\/wp-json\/wp\/v2\/comments?post=579635"}],"version-history":[{"count":1,"href":"https:\/\/www.zunoticia.com\/noticias-de-hidalgo\/wp-json\/wp\/v2\/posts\/579635\/revisions"}],"predecessor-version":[{"id":579642,"href":"https:\/\/www.zunoticia.com\/noticias-de-hidalgo\/wp-json\/wp\/v2\/posts\/579635\/revisions\/579642"}],"wp:featuredmedia":[{"embeddable":true,"href":"https:\/\/www.zunoticia.com\/noticias-de-hidalgo\/wp-json\/wp\/v2\/media\/579637"}],"wp:attachment":[{"href":"https:\/\/www.zunoticia.com\/noticias-de-hidalgo\/wp-json\/wp\/v2\/media?parent=579635"}],"wp:term":[{"taxonomy":"category","embeddable":true,"href":"https:\/\/www.zunoticia.com\/noticias-de-hidalgo\/wp-json\/wp\/v2\/categories?post=579635"},{"taxonomy":"post_tag","embeddable":true,"href":"https:\/\/www.zunoticia.com\/noticias-de-hidalgo\/wp-json\/wp\/v2\/tags?post=579635"}],"curies":[{"name":"wp","href":"https:\/\/api.w.org\/{rel}","templated":true}]}}