{"id":580224,"date":"2025-01-19T16:19:26","date_gmt":"2025-01-19T22:19:26","guid":{"rendered":"https:\/\/www.zunoticia.com\/noticias-de-hidalgo\/?p=580224"},"modified":"2025-01-19T16:19:28","modified_gmt":"2025-01-19T22:19:28","slug":"delegados-deberan-presentar-su-plan-de-trabajo-alcalde","status":"publish","type":"post","link":"https:\/\/www.zunoticia.com\/noticias-de-hidalgo\/2025\/01\/19\/delegados-deberan-presentar-su-plan-de-trabajo-alcalde\/","title":{"rendered":"Delegados deber\u00e1n presentar su plan de trabajo: Alcalde"},"content":{"rendered":"<aside class=\"mashsb-container mashsb-main mashsb-stretched\"><div class=\"mashsb-box\"><div class=\"mashsb-count mash-large\" style=\"float:left\"><div class=\"counts mashsbcount\">0<\/div><span class=\"mashsb-sharetext\">SHARES<\/span><\/div><div class=\"mashsb-buttons\"><a class=\"mashicon-facebook mash-large mash-center mashsb-noshadow\" href=\"https:\/\/www.facebook.com\/sharer.php?u=https%3A%2F%2Fwww.zunoticia.com%2Fnoticias-de-hidalgo%2F2025%2F01%2F19%2Fdelegados-deberan-presentar-su-plan-de-trabajo-alcalde%2F\" target=\"_top\" rel=\"nofollow\"><span class=\"icon\"><\/span><span class=\"text\">Share<\/span><\/a><a class=\"mashicon-twitter mash-large mash-center mashsb-noshadow\" href=\"https:\/\/twitter.com\/intent\/tweet?text=&amp;url=https:\/\/www.zunoticia.com\/noticias-de-hidalgo\/2025\/01\/19\/delegados-deberan-presentar-su-plan-de-trabajo-alcalde\/\" target=\"_top\" rel=\"nofollow\"><span class=\"icon\"><\/span><span class=\"text\">Tweet<\/span><\/a><div class=\"onoffswitch2 mash-large mashsb-noshadow\" style=\"display:none\"><\/div><\/div>\n            <\/div>\n                <div style=\"clear:both\"><\/div><div class=\"mashsb-toggle-container\"><\/div><\/aside>\n            <!-- Share buttons by mashshare.net - Version: 4.0.47-->\n<ul class=\"wp-block-list\">\n<li>Se asignar\u00e1 un techo financiero y se nombrar\u00e1 presidentas del DIF en comunidades para atender salud y educaci\u00f3n.<\/li>\n<\/ul>\n\n\n\n<p><em>Por Angel Osiris Castillo Garc\u00eda\/Zunoticia<\/em><\/p>\n\n\n\n<p><strong>Tlanchinol, Hgo.-<\/strong> Con la asistencia de representantes de 62 comunidades y 18 barrios, se llev\u00f3 a cabo la toma de protesta de los nuevos delegados comunales, por parte del alcalde Gabino Hern\u00e1ndez Vite, quien pidi\u00f3 a las nuevas autoridades que presenten un plan de trabajo, tambi\u00e9n anunci\u00f3 la conformaci\u00f3n de comit\u00e9s comunales del DIF, que contar\u00e1n con su presidenta y, adem\u00e1s, se asignar\u00e1 un techo financiero por comunidad.<\/p>\n\n\n\n<figure class=\"wp-block-image size-full\"><img fetchpriority=\"high\" decoding=\"async\" width=\"1600\" height=\"1200\" src=\"https:\/\/www.zunoticia.com\/noticias-de-hidalgo\/wp-content\/uploads\/2025\/01\/eZy-Watermark_19-01-2025_12-54-47-9290p.m.jpg\" alt=\"\" class=\"wp-image-580230\"\/><\/figure>\n\n\n\n<p>Lo anterior se llev\u00f3 a cabo la ma\u00f1ana de este domingo en el auditorio municipal, en donde se dieron cita 80 nuevos delegados, entre quienes se encontraba el exalcalde Marcos Bautista, como nuevo delegado de San Jos\u00e9, acompa\u00f1ados de sus comitivas, quienes rindieron protesta y recibieron su bast\u00f3n de mando y su nombramiento de manos del alcalde, as\u00ed como de los regidores.<\/p>\n\n\n\n<p>En su mensaje el alcalde felicit\u00f3 a los nuevos delegados por su encargo y record\u00f3 que \u00e9l tambi\u00e9n fungi\u00f3 como delegado de su comunidad, tras dejar el cargo como presidente municipal en su segunda administraci\u00f3n, por lo que reconoci\u00f3 la labor que realizan.<\/p>\n\n\n\n<figure class=\"wp-block-image size-full\"><img decoding=\"async\" width=\"1600\" height=\"1200\" src=\"https:\/\/www.zunoticia.com\/noticias-de-hidalgo\/wp-content\/uploads\/2025\/01\/eZy-Watermark_19-01-2025_12-55-11-8110p.m.jpg\" alt=\"\" class=\"wp-image-580229\"\/><\/figure>\n\n\n\n<p>As\u00ed mismo, explic\u00f3 que la forma de trabajar ser\u00e1 mediante la elaboraci\u00f3n de proyectos de trabajo por parte de las autoridades y ya no mediante solicitudes como se acostumbraba, para lo cual se tendr\u00e1n que realizar asambleas en donde se determine cu\u00e1l ser\u00e1 la obra prioritaria y que no sea para beneficio solamente del delegado.<\/p>\n\n\n\n<p>Adem\u00e1s, ahora se designar\u00e1 como Comit\u00e9s Comunales del DIF municipal y contar\u00e1n con una presidenta que se encargar\u00e1 de trabajar junto con el delegado atendiendo temas sociales como salud y personas vulnerables.<\/p>\n\n\n\n<p>Para esto, explic\u00f3 el alcalde, se asignar\u00e1 un techo financiero a cada comunidad para ejercerlo en acciones que ser\u00e1n determinadas por la asamblea, indicando que el 50 por ciento del presupuesto que se les asigne ser\u00e1 para gastos operativos a discreci\u00f3n, mientras que un 25 por ciento ser\u00e1 destinado para educaci\u00f3n a fin de atender las necesidades de escuelas o apoyos a estudiantes y el otro 25 para temas de salud, que incluyen apoyos a centros o casas de salud, as\u00ed como medicamentos y traslados que no sean en ambulancia.<\/p>\n\n\n\n<p>En el tema de obras, el alcalde pidi\u00f3 a los comit\u00e9s mantener una vigilancia de los trabajos y que se cumpla con lo establecido en el expediente de la obra para que despu\u00e9s no haya reclamos por fallas que no hayan sido reportadas.<\/p>\n\n\n\n<p>Reiter\u00f3 que se habr\u00e1n de mantener las audiencias tanto en la presidencia municipal los primeros domingos de cada mes y el resto se habr\u00e1 de realizar en las&nbsp;comunidades.<\/p>\n","protected":false},"excerpt":{"rendered":"<p>Por Angel Osiris Castillo Garc\u00eda\/Zunoticia Tlanchinol, Hgo.- Con la asistencia de representantes de 62 comunidades y 18 barrios, se llev\u00f3 a cabo la toma de protesta de los nuevos delegados comunales, por parte del alcalde Gabino Hern\u00e1ndez Vite, quien pidi\u00f3 a las nuevas autoridades que presenten un plan de trabajo, tambi\u00e9n anunci\u00f3 la conformaci\u00f3n de&hellip; <a class=\"more-link\" href=\"https:\/\/www.zunoticia.com\/noticias-de-hidalgo\/2025\/01\/19\/delegados-deberan-presentar-su-plan-de-trabajo-alcalde\/\">Seguir leyendo <span class=\"screen-reader-text\">Delegados deber\u00e1n presentar su plan de trabajo: Alcalde<\/span><\/a><\/p>\n","protected":false},"author":12,"featured_media":580231,"comment_status":"open","ping_status":"open","sticky":false,"template":"","format":"standard","meta":{"rop_custom_images_group":[],"rop_custom_messages_group":[],"rop_publish_now":"initial","rop_publish_now_accounts":{"facebook_10159540855086992_322828327761733":""},"rop_publish_now_history":[],"rop_publish_now_status":"pending","footnotes":""},"categories":[219,201],"tags":[127],"class_list":["post-580224","post","type-post","status-publish","format-standard","has-post-thumbnail","hentry","category-sierra","category-tlanchinol","tag-tlanchinol","entry"],"_links":{"self":[{"href":"https:\/\/www.zunoticia.com\/noticias-de-hidalgo\/wp-json\/wp\/v2\/posts\/580224","targetHints":{"allow":["GET"]}}],"collection":[{"href":"https:\/\/www.zunoticia.com\/noticias-de-hidalgo\/wp-json\/wp\/v2\/posts"}],"about":[{"href":"https:\/\/www.zunoticia.com\/noticias-de-hidalgo\/wp-json\/wp\/v2\/types\/post"}],"author":[{"embeddable":true,"href":"https:\/\/www.zunoticia.com\/noticias-de-hidalgo\/wp-json\/wp\/v2\/users\/12"}],"replies":[{"embeddable":true,"href":"https:\/\/www.zunoticia.com\/noticias-de-hidalgo\/wp-json\/wp\/v2\/comments?post=580224"}],"version-history":[{"count":1,"href":"https:\/\/www.zunoticia.com\/noticias-de-hidalgo\/wp-json\/wp\/v2\/posts\/580224\/revisions"}],"predecessor-version":[{"id":580232,"href":"https:\/\/www.zunoticia.com\/noticias-de-hidalgo\/wp-json\/wp\/v2\/posts\/580224\/revisions\/580232"}],"wp:featuredmedia":[{"embeddable":true,"href":"https:\/\/www.zunoticia.com\/noticias-de-hidalgo\/wp-json\/wp\/v2\/media\/580231"}],"wp:attachment":[{"href":"https:\/\/www.zunoticia.com\/noticias-de-hidalgo\/wp-json\/wp\/v2\/media?parent=580224"}],"wp:term":[{"taxonomy":"category","embeddable":true,"href":"https:\/\/www.zunoticia.com\/noticias-de-hidalgo\/wp-json\/wp\/v2\/categories?post=580224"},{"taxonomy":"post_tag","embeddable":true,"href":"https:\/\/www.zunoticia.com\/noticias-de-hidalgo\/wp-json\/wp\/v2\/tags?post=580224"}],"curies":[{"name":"wp","href":"https:\/\/api.w.org\/{rel}","templated":true}]}}