{"id":580228,"date":"2025-01-19T16:38:45","date_gmt":"2025-01-19T22:38:45","guid":{"rendered":"https:\/\/www.zunoticia.com\/noticias-de-hidalgo\/?p=580228"},"modified":"2025-01-19T16:38:47","modified_gmt":"2025-01-19T22:38:47","slug":"en-la-huasteca-las-raices-de-la-parteria-son-profundas-prisco-manuel-gutierrez","status":"publish","type":"post","link":"https:\/\/www.zunoticia.com\/noticias-de-hidalgo\/2025\/01\/19\/en-la-huasteca-las-raices-de-la-parteria-son-profundas-prisco-manuel-gutierrez\/","title":{"rendered":"En la Huasteca las ra\u00edces de la parter\u00eda son profundas: Prisco Manuel Guti\u00e9rrez"},"content":{"rendered":"<aside class=\"mashsb-container mashsb-main mashsb-stretched\"><div class=\"mashsb-box\"><div class=\"mashsb-count mash-large\" style=\"float:left\"><div class=\"counts mashsbcount\">0<\/div><span class=\"mashsb-sharetext\">SHARES<\/span><\/div><div class=\"mashsb-buttons\"><a class=\"mashicon-facebook mash-large mash-center mashsb-noshadow\" href=\"https:\/\/www.facebook.com\/sharer.php?u=https%3A%2F%2Fwww.zunoticia.com%2Fnoticias-de-hidalgo%2F2025%2F01%2F19%2Fen-la-huasteca-las-raices-de-la-parteria-son-profundas-prisco-manuel-gutierrez%2F\" target=\"_top\" rel=\"nofollow\"><span class=\"icon\"><\/span><span class=\"text\">Share<\/span><\/a><a class=\"mashicon-twitter mash-large mash-center mashsb-noshadow\" href=\"https:\/\/twitter.com\/intent\/tweet?text=&amp;url=https:\/\/www.zunoticia.com\/noticias-de-hidalgo\/2025\/01\/19\/en-la-huasteca-las-raices-de-la-parteria-son-profundas-prisco-manuel-gutierrez\/\" target=\"_top\" rel=\"nofollow\"><span class=\"icon\"><\/span><span class=\"text\">Tweet<\/span><\/a><div class=\"onoffswitch2 mash-large mashsb-noshadow\" style=\"display:none\"><\/div><\/div>\n            <\/div>\n                <div style=\"clear:both\"><\/div><div class=\"mashsb-toggle-container\"><\/div><\/aside>\n            <!-- Share buttons by mashshare.net - Version: 4.0.47-->\n<p><em>Por Salvador Altamirano\/Zunoticia<\/em><\/p>\n\n\n\n<p><strong>Atlapexco, Hgo.-<\/strong> Cultural y tradicionalmente hablando, las ra\u00edces de la parter\u00eda en la Huasteca son profundas, por lo que el Gobernador del Estado, Julio Menchaca Salazar, tuvo visi\u00f3n para aprobar aqu\u00ed la construcci\u00f3n de la &#8220;Casa de la Mujer Ind\u00edgena&#8221;.<\/p>\n\n\n\n<p>Lo anterior, fue expresado en entrevista el pasado viernes, posterior al banderazo de salida para iniciar los trabajos, por el Comisionado Estatal para el Desarrollo Sostenible de los Pueblos Ind\u00edgenas, Prisco Manuel Guti\u00e9rrez, quien agreg\u00f3 que Atlapexco fue el lugar id\u00f3neo para aterrizar el proyecto, ya que es un punto de encuentro de toda la regi\u00f3n de la Huasteca hidalguense.<\/p>\n\n\n\n<p>Explic\u00f3 que, en la primera etapa de construcci\u00f3n, que inicia este domingo, se invertir\u00e1n 7 millones y medio de pesos, pero la totalidad de la obra tendr\u00e1 un costo de 28 millones de pesos, la cual tendr\u00e1 que ser concluida este 2025, para que inicien los servicios a favor de mujeres practicantes de la parter\u00eda y m\u00e9dicos tradicionales.<\/p>\n\n\n\n<p>A pregunta expresa, refiri\u00f3 que, la edad promedio de las parteras que hay, es de 50 a 70 a\u00f1os, pero en la Casa de la Mujer Ind\u00edgena se impartir\u00e1n capacitaciones y se dar\u00e1n certificaciones, por si hay personas de 20 a 40 a\u00f1os, que quieran darle continuidad a los ancestrales conocimientos.<\/p>\n\n\n\n<p>Para concluir, el titular de la Comisi\u00f3n Estatal para el Desarrollo Sostenible de los Pueblos Originarios subray\u00f3 que, en esta regi\u00f3n de la Huasteca hay mujeres con mucho talento y valent\u00eda para practicar la ancestral parter\u00eda.<\/p>\n","protected":false},"excerpt":{"rendered":"<p>Por Salvador Altamirano\/Zunoticia Atlapexco, Hgo.- Cultural y tradicionalmente hablando, las ra\u00edces de la parter\u00eda en la Huasteca son profundas, por lo que el Gobernador del Estado, Julio Menchaca Salazar, tuvo visi\u00f3n para aprobar aqu\u00ed la construcci\u00f3n de la &#8220;Casa de la Mujer Ind\u00edgena&#8221;. Lo anterior, fue expresado en entrevista el pasado viernes, posterior al banderazo&hellip; <a class=\"more-link\" href=\"https:\/\/www.zunoticia.com\/noticias-de-hidalgo\/2025\/01\/19\/en-la-huasteca-las-raices-de-la-parteria-son-profundas-prisco-manuel-gutierrez\/\">Seguir leyendo <span class=\"screen-reader-text\">En la Huasteca las ra\u00edces de la parter\u00eda son profundas: Prisco Manuel Guti\u00e9rrez<\/span><\/a><\/p>\n","protected":false},"author":12,"featured_media":580236,"comment_status":"open","ping_status":"open","sticky":false,"template":"","format":"standard","meta":{"rop_custom_images_group":[],"rop_custom_messages_group":[],"rop_publish_now":"initial","rop_publish_now_accounts":{"facebook_10159540855086992_322828327761733":""},"rop_publish_now_history":[],"rop_publish_now_status":"pending","footnotes":""},"categories":[182],"tags":[133],"class_list":["post-580228","post","type-post","status-publish","format-standard","has-post-thumbnail","hentry","category-atlapexco","tag-atlapexco","entry"],"_links":{"self":[{"href":"https:\/\/www.zunoticia.com\/noticias-de-hidalgo\/wp-json\/wp\/v2\/posts\/580228","targetHints":{"allow":["GET"]}}],"collection":[{"href":"https:\/\/www.zunoticia.com\/noticias-de-hidalgo\/wp-json\/wp\/v2\/posts"}],"about":[{"href":"https:\/\/www.zunoticia.com\/noticias-de-hidalgo\/wp-json\/wp\/v2\/types\/post"}],"author":[{"embeddable":true,"href":"https:\/\/www.zunoticia.com\/noticias-de-hidalgo\/wp-json\/wp\/v2\/users\/12"}],"replies":[{"embeddable":true,"href":"https:\/\/www.zunoticia.com\/noticias-de-hidalgo\/wp-json\/wp\/v2\/comments?post=580228"}],"version-history":[{"count":1,"href":"https:\/\/www.zunoticia.com\/noticias-de-hidalgo\/wp-json\/wp\/v2\/posts\/580228\/revisions"}],"predecessor-version":[{"id":580237,"href":"https:\/\/www.zunoticia.com\/noticias-de-hidalgo\/wp-json\/wp\/v2\/posts\/580228\/revisions\/580237"}],"wp:featuredmedia":[{"embeddable":true,"href":"https:\/\/www.zunoticia.com\/noticias-de-hidalgo\/wp-json\/wp\/v2\/media\/580236"}],"wp:attachment":[{"href":"https:\/\/www.zunoticia.com\/noticias-de-hidalgo\/wp-json\/wp\/v2\/media?parent=580228"}],"wp:term":[{"taxonomy":"category","embeddable":true,"href":"https:\/\/www.zunoticia.com\/noticias-de-hidalgo\/wp-json\/wp\/v2\/categories?post=580228"},{"taxonomy":"post_tag","embeddable":true,"href":"https:\/\/www.zunoticia.com\/noticias-de-hidalgo\/wp-json\/wp\/v2\/tags?post=580228"}],"curies":[{"name":"wp","href":"https:\/\/api.w.org\/{rel}","templated":true}]}}