{"id":580260,"date":"2025-01-19T18:20:16","date_gmt":"2025-01-20T00:20:16","guid":{"rendered":"https:\/\/www.zunoticia.com\/noticias-de-hidalgo\/?p=580260"},"modified":"2025-01-19T18:20:18","modified_gmt":"2025-01-20T00:20:18","slug":"escasa-visibilidad-en-la-sierra-hidalguense","status":"publish","type":"post","link":"https:\/\/www.zunoticia.com\/noticias-de-hidalgo\/2025\/01\/19\/escasa-visibilidad-en-la-sierra-hidalguense\/","title":{"rendered":"Escasa visibilidad en la Sierra hidalguense"},"content":{"rendered":"<aside class=\"mashsb-container mashsb-main mashsb-stretched\"><div class=\"mashsb-box\"><div class=\"mashsb-count mash-large\" style=\"float:left\"><div class=\"counts mashsbcount\">0<\/div><span class=\"mashsb-sharetext\">SHARES<\/span><\/div><div class=\"mashsb-buttons\"><a class=\"mashicon-facebook mash-large mash-center mashsb-noshadow\" href=\"https:\/\/www.facebook.com\/sharer.php?u=https%3A%2F%2Fwww.zunoticia.com%2Fnoticias-de-hidalgo%2F2025%2F01%2F19%2Fescasa-visibilidad-en-la-sierra-hidalguense%2F\" target=\"_top\" rel=\"nofollow\"><span class=\"icon\"><\/span><span class=\"text\">Share<\/span><\/a><a class=\"mashicon-twitter mash-large mash-center mashsb-noshadow\" href=\"https:\/\/twitter.com\/intent\/tweet?text=&amp;url=https:\/\/www.zunoticia.com\/noticias-de-hidalgo\/2025\/01\/19\/escasa-visibilidad-en-la-sierra-hidalguense\/\" target=\"_top\" rel=\"nofollow\"><span class=\"icon\"><\/span><span class=\"text\">Tweet<\/span><\/a><div class=\"onoffswitch2 mash-large mashsb-noshadow\" style=\"display:none\"><\/div><\/div>\n            <\/div>\n                <div style=\"clear:both\"><\/div><div class=\"mashsb-toggle-container\"><\/div><\/aside>\n            <!-- Share buttons by mashshare.net - Version: 4.0.47-->\n<p><em>Por Jos\u00e9 Luis Romero Ruiz\/Zunoticia<\/em><\/p>\n\n\n\n<p><strong>Tlanchinol, Hgo.-<\/strong> Escasa visibilidad en la Sierra hidalguense reportan autoridades del municipio, por lo que se les solicita a los automovilistas transitar con precauci\u00f3n, ya que la neblina es densa y la llovizna hace que la visibilidad es muy precaria.&nbsp;&nbsp;&nbsp;&nbsp;&nbsp;<\/p>\n\n\n\n<p>Con la llegada del frente frio No. 24 de la temporada viene acompa\u00f1ado de masa polar \u00e1rtica y el descenso de la temperatura para Sierra y Huasteca ser\u00e1 muy marcado, habr\u00e1 rachas de evento \u201cNorte\u201d en las costas de Veracruz y Tamaulipas.<\/p>\n\n\n\n<figure class=\"wp-block-image size-full\"><img fetchpriority=\"high\" decoding=\"async\" width=\"1170\" height=\"780\" src=\"https:\/\/www.zunoticia.com\/noticias-de-hidalgo\/wp-content\/uploads\/2025\/01\/eZy-Watermark_19-01-2025_05-49-20-5690p.m.jpg\" alt=\"\" class=\"wp-image-580263\"\/><\/figure>\n\n\n\n<p>Elementos de Protecci\u00f3n Civil (PC) de la Sierra hidalguense establecen un canal de comunicaci\u00f3n para brindar apoyo a las personas que requieran auxilio vial en la carretera federal M\u00e9xico \u2013 Tampico, como en las carreteras estatales y rurales de la zona.<\/p>\n\n\n\n<p>La Direcci\u00f3n General de Seguridad P\u00fablica y Tr\u00e1nsito Municipal de Tlanchinol se reporta lista para cualquier eventualidad que se presente por las condiciones climatol\u00f3gicas de la Sierra hidalguense.<\/p>\n\n\n\n<p>A los conductores se les pide extremar precauciones, ya que conforme avancen las horas la temperatura seguir\u00e1 disminuyendo y por consecuencia la neblina y las lluvias, lo que pudiera pudieran ser factor para que se provoque alg\u00fan accidente, por lo que si los conductores extreman precauciones podr\u00e1n llegar con bien a su destino.&nbsp;&nbsp;&nbsp;<\/p>\n\n\n\n<p>\u00a0\u00a0\u00a0\u00a0<\/p>\n","protected":false},"excerpt":{"rendered":"<p>Por Jos\u00e9 Luis Romero Ruiz\/Zunoticia Tlanchinol, Hgo.- Escasa visibilidad en la Sierra hidalguense reportan autoridades del municipio, por lo que se les solicita a los automovilistas transitar con precauci\u00f3n, ya que la neblina es densa y la llovizna hace que la visibilidad es muy precaria.&nbsp;&nbsp;&nbsp;&nbsp;&nbsp; Con la llegada del frente frio No. 24 de la&hellip; <a class=\"more-link\" href=\"https:\/\/www.zunoticia.com\/noticias-de-hidalgo\/2025\/01\/19\/escasa-visibilidad-en-la-sierra-hidalguense\/\">Seguir leyendo <span class=\"screen-reader-text\">Escasa visibilidad en la Sierra hidalguense<\/span><\/a><\/p>\n","protected":false},"author":12,"featured_media":580262,"comment_status":"open","ping_status":"open","sticky":false,"template":"","format":"standard","meta":{"rop_custom_images_group":[],"rop_custom_messages_group":[],"rop_publish_now":"initial","rop_publish_now_accounts":{"facebook_10159540855086992_322828327761733":""},"rop_publish_now_history":[],"rop_publish_now_status":"pending","footnotes":""},"categories":[178],"tags":[259],"class_list":["post-580260","post","type-post","status-publish","format-standard","has-post-thumbnail","hentry","category-policiaca","tag-policiaca","entry"],"_links":{"self":[{"href":"https:\/\/www.zunoticia.com\/noticias-de-hidalgo\/wp-json\/wp\/v2\/posts\/580260","targetHints":{"allow":["GET"]}}],"collection":[{"href":"https:\/\/www.zunoticia.com\/noticias-de-hidalgo\/wp-json\/wp\/v2\/posts"}],"about":[{"href":"https:\/\/www.zunoticia.com\/noticias-de-hidalgo\/wp-json\/wp\/v2\/types\/post"}],"author":[{"embeddable":true,"href":"https:\/\/www.zunoticia.com\/noticias-de-hidalgo\/wp-json\/wp\/v2\/users\/12"}],"replies":[{"embeddable":true,"href":"https:\/\/www.zunoticia.com\/noticias-de-hidalgo\/wp-json\/wp\/v2\/comments?post=580260"}],"version-history":[{"count":1,"href":"https:\/\/www.zunoticia.com\/noticias-de-hidalgo\/wp-json\/wp\/v2\/posts\/580260\/revisions"}],"predecessor-version":[{"id":580264,"href":"https:\/\/www.zunoticia.com\/noticias-de-hidalgo\/wp-json\/wp\/v2\/posts\/580260\/revisions\/580264"}],"wp:featuredmedia":[{"embeddable":true,"href":"https:\/\/www.zunoticia.com\/noticias-de-hidalgo\/wp-json\/wp\/v2\/media\/580262"}],"wp:attachment":[{"href":"https:\/\/www.zunoticia.com\/noticias-de-hidalgo\/wp-json\/wp\/v2\/media?parent=580260"}],"wp:term":[{"taxonomy":"category","embeddable":true,"href":"https:\/\/www.zunoticia.com\/noticias-de-hidalgo\/wp-json\/wp\/v2\/categories?post=580260"},{"taxonomy":"post_tag","embeddable":true,"href":"https:\/\/www.zunoticia.com\/noticias-de-hidalgo\/wp-json\/wp\/v2\/tags?post=580260"}],"curies":[{"name":"wp","href":"https:\/\/api.w.org\/{rel}","templated":true}]}}