{"id":580265,"date":"2025-01-19T18:27:47","date_gmt":"2025-01-20T00:27:47","guid":{"rendered":"https:\/\/www.zunoticia.com\/noticias-de-hidalgo\/?p=580265"},"modified":"2025-01-19T18:27:48","modified_gmt":"2025-01-20T00:27:48","slug":"refugio-invernal-tu-seguridad-es-nuestra-prioridad","status":"publish","type":"post","link":"https:\/\/www.zunoticia.com\/noticias-de-hidalgo\/2025\/01\/19\/refugio-invernal-tu-seguridad-es-nuestra-prioridad\/","title":{"rendered":"&#8220;Refugio Invernal: Tu Seguridad es Nuestra Prioridad&#8221;"},"content":{"rendered":"<aside class=\"mashsb-container mashsb-main mashsb-stretched\"><div class=\"mashsb-box\"><div class=\"mashsb-count mash-large\" style=\"float:left\"><div class=\"counts mashsbcount\">0<\/div><span class=\"mashsb-sharetext\">SHARES<\/span><\/div><div class=\"mashsb-buttons\"><a class=\"mashicon-facebook mash-large mash-center mashsb-noshadow\" href=\"https:\/\/www.facebook.com\/sharer.php?u=https%3A%2F%2Fwww.zunoticia.com%2Fnoticias-de-hidalgo%2F2025%2F01%2F19%2Frefugio-invernal-tu-seguridad-es-nuestra-prioridad%2F\" target=\"_top\" rel=\"nofollow\"><span class=\"icon\"><\/span><span class=\"text\">Share<\/span><\/a><a class=\"mashicon-twitter mash-large mash-center mashsb-noshadow\" href=\"https:\/\/twitter.com\/intent\/tweet?text=&amp;url=https:\/\/www.zunoticia.com\/noticias-de-hidalgo\/2025\/01\/19\/refugio-invernal-tu-seguridad-es-nuestra-prioridad\/\" target=\"_top\" rel=\"nofollow\"><span class=\"icon\"><\/span><span class=\"text\">Tweet<\/span><\/a><div class=\"onoffswitch2 mash-large mashsb-noshadow\" style=\"display:none\"><\/div><\/div>\n            <\/div>\n                <div style=\"clear:both\"><\/div><div class=\"mashsb-toggle-container\"><\/div><\/aside>\n            <!-- Share buttons by mashshare.net - Version: 4.0.47-->\n<p><em>Por Redacci\u00f3n\/Zunoticia<\/em><\/p>\n\n\n\n<p><strong>Huejutla, Hgo.-<\/strong> Ante los pr\u00f3ximos descensos de temperatura queremos recordarte que el Refugio Invernal permanecer\u00e1 abierto para brindar un espacio seguro y c\u00e1lido a quienes m\u00e1s lo necesiten.<\/p>\n\n\n\n<p>Invitamos a la poblaci\u00f3n a estar atentos, protegerse del fr\u00edo y, si conoces a alguien en situaci\u00f3n vulnerable, dirigirlo a nuestro refugio.<\/p>\n\n\n\n<p>Juntos podemos enfrentar este invierno con solidaridad&nbsp;y&nbsp;cuidado.<\/p>\n","protected":false},"excerpt":{"rendered":"<p>Por Redacci\u00f3n\/Zunoticia Huejutla, Hgo.- Ante los pr\u00f3ximos descensos de temperatura queremos recordarte que el Refugio Invernal permanecer\u00e1 abierto para brindar un espacio seguro y c\u00e1lido a quienes m\u00e1s lo necesiten. Invitamos a la poblaci\u00f3n a estar atentos, protegerse del fr\u00edo y, si conoces a alguien en situaci\u00f3n vulnerable, dirigirlo a nuestro refugio. Juntos podemos enfrentar&hellip; <a class=\"more-link\" href=\"https:\/\/www.zunoticia.com\/noticias-de-hidalgo\/2025\/01\/19\/refugio-invernal-tu-seguridad-es-nuestra-prioridad\/\">Seguir leyendo <span class=\"screen-reader-text\">&#8220;Refugio Invernal: Tu Seguridad es Nuestra Prioridad&#8221;<\/span><\/a><\/p>\n","protected":false},"author":12,"featured_media":580267,"comment_status":"open","ping_status":"open","sticky":false,"template":"","format":"standard","meta":{"rop_custom_images_group":[],"rop_custom_messages_group":[],"rop_publish_now":"initial","rop_publish_now_accounts":{"facebook_10159540855086992_322828327761733":""},"rop_publish_now_history":[],"rop_publish_now_status":"pending","footnotes":""},"categories":[181],"tags":[121],"class_list":["post-580265","post","type-post","status-publish","format-standard","has-post-thumbnail","hentry","category-huejutla","tag-huejutla","entry"],"_links":{"self":[{"href":"https:\/\/www.zunoticia.com\/noticias-de-hidalgo\/wp-json\/wp\/v2\/posts\/580265","targetHints":{"allow":["GET"]}}],"collection":[{"href":"https:\/\/www.zunoticia.com\/noticias-de-hidalgo\/wp-json\/wp\/v2\/posts"}],"about":[{"href":"https:\/\/www.zunoticia.com\/noticias-de-hidalgo\/wp-json\/wp\/v2\/types\/post"}],"author":[{"embeddable":true,"href":"https:\/\/www.zunoticia.com\/noticias-de-hidalgo\/wp-json\/wp\/v2\/users\/12"}],"replies":[{"embeddable":true,"href":"https:\/\/www.zunoticia.com\/noticias-de-hidalgo\/wp-json\/wp\/v2\/comments?post=580265"}],"version-history":[{"count":1,"href":"https:\/\/www.zunoticia.com\/noticias-de-hidalgo\/wp-json\/wp\/v2\/posts\/580265\/revisions"}],"predecessor-version":[{"id":580268,"href":"https:\/\/www.zunoticia.com\/noticias-de-hidalgo\/wp-json\/wp\/v2\/posts\/580265\/revisions\/580268"}],"wp:featuredmedia":[{"embeddable":true,"href":"https:\/\/www.zunoticia.com\/noticias-de-hidalgo\/wp-json\/wp\/v2\/media\/580267"}],"wp:attachment":[{"href":"https:\/\/www.zunoticia.com\/noticias-de-hidalgo\/wp-json\/wp\/v2\/media?parent=580265"}],"wp:term":[{"taxonomy":"category","embeddable":true,"href":"https:\/\/www.zunoticia.com\/noticias-de-hidalgo\/wp-json\/wp\/v2\/categories?post=580265"},{"taxonomy":"post_tag","embeddable":true,"href":"https:\/\/www.zunoticia.com\/noticias-de-hidalgo\/wp-json\/wp\/v2\/tags?post=580265"}],"curies":[{"name":"wp","href":"https:\/\/api.w.org\/{rel}","templated":true}]}}