{"id":580276,"date":"2025-01-19T19:36:25","date_gmt":"2025-01-20T01:36:25","guid":{"rendered":"https:\/\/www.zunoticia.com\/noticias-de-hidalgo\/?p=580276"},"modified":"2025-01-19T19:36:27","modified_gmt":"2025-01-20T01:36:27","slug":"aun-se-desconoce-el-impacto-del-fais-en-el-presupuesto-municipal","status":"publish","type":"post","link":"https:\/\/www.zunoticia.com\/noticias-de-hidalgo\/2025\/01\/19\/aun-se-desconoce-el-impacto-del-fais-en-el-presupuesto-municipal\/","title":{"rendered":"A\u00fan se desconoce el impacto del FAIS en el presupuesto municipal"},"content":{"rendered":"<aside class=\"mashsb-container mashsb-main mashsb-stretched\"><div class=\"mashsb-box\"><div class=\"mashsb-count mash-large\" style=\"float:left\"><div class=\"counts mashsbcount\">0<\/div><span class=\"mashsb-sharetext\">SHARES<\/span><\/div><div class=\"mashsb-buttons\"><a class=\"mashicon-facebook mash-large mash-center mashsb-noshadow\" href=\"https:\/\/www.facebook.com\/sharer.php?u=https%3A%2F%2Fwww.zunoticia.com%2Fnoticias-de-hidalgo%2F2025%2F01%2F19%2Faun-se-desconoce-el-impacto-del-fais-en-el-presupuesto-municipal%2F\" target=\"_top\" rel=\"nofollow\"><span class=\"icon\"><\/span><span class=\"text\">Share<\/span><\/a><a class=\"mashicon-twitter mash-large mash-center mashsb-noshadow\" href=\"https:\/\/twitter.com\/intent\/tweet?text=&amp;url=https:\/\/www.zunoticia.com\/noticias-de-hidalgo\/2025\/01\/19\/aun-se-desconoce-el-impacto-del-fais-en-el-presupuesto-municipal\/\" target=\"_top\" rel=\"nofollow\"><span class=\"icon\"><\/span><span class=\"text\">Tweet<\/span><\/a><div class=\"onoffswitch2 mash-large mashsb-noshadow\" style=\"display:none\"><\/div><\/div>\n            <\/div>\n                <div style=\"clear:both\"><\/div><div class=\"mashsb-toggle-container\"><\/div><\/aside>\n            <!-- Share buttons by mashshare.net - Version: 4.0.47-->\n<p><em>Por \u00c1ngel Osiris Castillo Garc\u00eda\/Zunoticia<\/em><\/p>\n\n\n\n<p><strong>Tlanchinol, Hgo.-<\/strong> Tras la reuni\u00f3n sostenida con la presidenta de la Rep\u00fablica, Claudia Sheinbaum, en la ciudad de M\u00e9xico, en d\u00edas pasados, el alcalde Gabino Hern\u00e1ndez Vite dio a conocer que se les dio a conocer la partida presupuestaria que fue designada para las comunidades, mediante el Fondo de Aportaciones para la Infraestructura Social (FAIS), sin embargo, a\u00fan se desconoce el impacto que tendr\u00e1 en el presupuesto municipal, aunque se\u00f1ala que los recortes comenzaron desde el a\u00f1o pasado.<\/p>\n\n\n\n<p>El presidente se\u00f1al\u00f3 que durante la reuni\u00f3n que sostuvieron en la capital del pa\u00eds para dialogar con la presidenta de la rep\u00fablica, se les inform\u00f3 sobre la creaci\u00f3n del FAIS, mediante el cual se habr\u00e1 de otorgar un techo financiero a las comunidades, directamente desde la federaci\u00f3n, que podr\u00e1n ejercerlo en obras y acciones que consideren necesarias.<\/p>\n\n\n\n<p>\u201cQue quiere decir, que el fondo que nosotros manej\u00e1bamos cien por ciento municipal, ahora ser\u00e1 designado desde el gobierno federal para las comunidades\u201d, ante la pregunta sobre c\u00f3mo esto impactar\u00e1 en el recurso que reciben los ayuntamientos, el alcalde respondi\u00f3 \u201cA\u00fan no sabemos, sin embargo, a\u00f1o con a\u00f1o aumentaban el presupuesto de manera muy buena, hoy no han dado a conocer todav\u00eda los presupuestos desde el gobierno federal ni estatal, a\u00fan no sabemos, lo que s\u00ed es cierto es que el gasto corriente para el municipio ha bajado cuatro millones de pesos, aunque no de obra p\u00fablica, a\u00fan falta recibir este presupuesto estamos esperando a Gobierno del Estado\u201d.<\/p>\n\n\n\n<p>Referente a qui\u00e9n se encargar\u00e1 de vigilar la aplicaci\u00f3n de estos recursos en las comunidades, se\u00f1al\u00f3 que no se ha definido a\u00fan, pero, que es muy probable que el gobierno federal designe a una Secretar\u00eda para llevar este&nbsp;control.<\/p>\n","protected":false},"excerpt":{"rendered":"<p>Por \u00c1ngel Osiris Castillo Garc\u00eda\/Zunoticia Tlanchinol, Hgo.- Tras la reuni\u00f3n sostenida con la presidenta de la Rep\u00fablica, Claudia Sheinbaum, en la ciudad de M\u00e9xico, en d\u00edas pasados, el alcalde Gabino Hern\u00e1ndez Vite dio a conocer que se les dio a conocer la partida presupuestaria que fue designada para las comunidades, mediante el Fondo de Aportaciones&hellip; <a class=\"more-link\" href=\"https:\/\/www.zunoticia.com\/noticias-de-hidalgo\/2025\/01\/19\/aun-se-desconoce-el-impacto-del-fais-en-el-presupuesto-municipal\/\">Seguir leyendo <span class=\"screen-reader-text\">A\u00fan se desconoce el impacto del FAIS en el presupuesto municipal<\/span><\/a><\/p>\n","protected":false},"author":12,"featured_media":580280,"comment_status":"open","ping_status":"open","sticky":false,"template":"","format":"standard","meta":{"rop_custom_images_group":[],"rop_custom_messages_group":[],"rop_publish_now":"initial","rop_publish_now_accounts":{"facebook_10159540855086992_322828327761733":""},"rop_publish_now_history":[],"rop_publish_now_status":"pending","footnotes":""},"categories":[219,201],"tags":[127],"class_list":["post-580276","post","type-post","status-publish","format-standard","has-post-thumbnail","hentry","category-sierra","category-tlanchinol","tag-tlanchinol","entry"],"_links":{"self":[{"href":"https:\/\/www.zunoticia.com\/noticias-de-hidalgo\/wp-json\/wp\/v2\/posts\/580276","targetHints":{"allow":["GET"]}}],"collection":[{"href":"https:\/\/www.zunoticia.com\/noticias-de-hidalgo\/wp-json\/wp\/v2\/posts"}],"about":[{"href":"https:\/\/www.zunoticia.com\/noticias-de-hidalgo\/wp-json\/wp\/v2\/types\/post"}],"author":[{"embeddable":true,"href":"https:\/\/www.zunoticia.com\/noticias-de-hidalgo\/wp-json\/wp\/v2\/users\/12"}],"replies":[{"embeddable":true,"href":"https:\/\/www.zunoticia.com\/noticias-de-hidalgo\/wp-json\/wp\/v2\/comments?post=580276"}],"version-history":[{"count":1,"href":"https:\/\/www.zunoticia.com\/noticias-de-hidalgo\/wp-json\/wp\/v2\/posts\/580276\/revisions"}],"predecessor-version":[{"id":580288,"href":"https:\/\/www.zunoticia.com\/noticias-de-hidalgo\/wp-json\/wp\/v2\/posts\/580276\/revisions\/580288"}],"wp:featuredmedia":[{"embeddable":true,"href":"https:\/\/www.zunoticia.com\/noticias-de-hidalgo\/wp-json\/wp\/v2\/media\/580280"}],"wp:attachment":[{"href":"https:\/\/www.zunoticia.com\/noticias-de-hidalgo\/wp-json\/wp\/v2\/media?parent=580276"}],"wp:term":[{"taxonomy":"category","embeddable":true,"href":"https:\/\/www.zunoticia.com\/noticias-de-hidalgo\/wp-json\/wp\/v2\/categories?post=580276"},{"taxonomy":"post_tag","embeddable":true,"href":"https:\/\/www.zunoticia.com\/noticias-de-hidalgo\/wp-json\/wp\/v2\/tags?post=580276"}],"curies":[{"name":"wp","href":"https:\/\/api.w.org\/{rel}","templated":true}]}}