{"id":580295,"date":"2025-01-19T20:02:53","date_gmt":"2025-01-20T02:02:53","guid":{"rendered":"https:\/\/www.zunoticia.com\/noticias-de-hidalgo\/?p=580295"},"modified":"2025-01-19T20:02:54","modified_gmt":"2025-01-20T02:02:54","slug":"pago-de-refrendo-vehicular-un-compromiso-para-duenos-de-automotores","status":"publish","type":"post","link":"https:\/\/www.zunoticia.com\/noticias-de-hidalgo\/2025\/01\/19\/pago-de-refrendo-vehicular-un-compromiso-para-duenos-de-automotores\/","title":{"rendered":"Pago de refrendo vehicular, un compromiso para due\u00f1os de automotores"},"content":{"rendered":"<aside class=\"mashsb-container mashsb-main mashsb-stretched\"><div class=\"mashsb-box\"><div class=\"mashsb-count mash-large\" style=\"float:left\"><div class=\"counts mashsbcount\">0<\/div><span class=\"mashsb-sharetext\">SHARES<\/span><\/div><div class=\"mashsb-buttons\"><a class=\"mashicon-facebook mash-large mash-center mashsb-noshadow\" href=\"https:\/\/www.facebook.com\/sharer.php?u=https%3A%2F%2Fwww.zunoticia.com%2Fnoticias-de-hidalgo%2F2025%2F01%2F19%2Fpago-de-refrendo-vehicular-un-compromiso-para-duenos-de-automotores%2F\" target=\"_top\" rel=\"nofollow\"><span class=\"icon\"><\/span><span class=\"text\">Share<\/span><\/a><a class=\"mashicon-twitter mash-large mash-center mashsb-noshadow\" href=\"https:\/\/twitter.com\/intent\/tweet?text=&amp;url=https:\/\/www.zunoticia.com\/noticias-de-hidalgo\/2025\/01\/19\/pago-de-refrendo-vehicular-un-compromiso-para-duenos-de-automotores\/\" target=\"_top\" rel=\"nofollow\"><span class=\"icon\"><\/span><span class=\"text\">Tweet<\/span><\/a><div class=\"onoffswitch2 mash-large mashsb-noshadow\" style=\"display:none\"><\/div><\/div>\n            <\/div>\n                <div style=\"clear:both\"><\/div><div class=\"mashsb-toggle-container\"><\/div><\/aside>\n            <!-- Share buttons by mashshare.net - Version: 4.0.47-->\n<p><em>Por Gabriela Hern\u00e1ndez\/Zunoticia<\/em><\/p>\n\n\n\n<p><strong>Huejutla, Hgo.-<\/strong> En este primer semestre del a\u00f1o y como parte del compromiso de los due\u00f1os de autom\u00f3viles y motocicletas que a diario transitan por la ciudad, por las v\u00edas estatales y federales, invitan a realizar el pago de refrendo vehicular.<\/p>\n\n\n\n<p>Especialmente para los autom\u00f3viles de modelo reciente que necesitan ser emplacados, los costos var\u00edan para aquellos conductores responsables que ya han realizado la verificaci\u00f3n vehicular.<\/p>\n\n\n\n<figure class=\"wp-block-image size-full\"><img fetchpriority=\"high\" decoding=\"async\" width=\"828\" height=\"604\" src=\"https:\/\/www.zunoticia.com\/noticias-de-hidalgo\/wp-content\/uploads\/2025\/01\/eZy-Watermark_19-01-2025_05-52-06-0430p.m.jpg\" alt=\"\" class=\"wp-image-580300\"\/><\/figure>\n\n\n\n<p><strong>Costos:<\/strong> veh\u00edculos con verificaci\u00f3n $999.00, sin verificaci\u00f3n $1129.00; transporte p\u00fablico con verificaci\u00f3n $1,300.00, sin verificar $1,411.00; autom\u00f3viles con placa para personas con discapacidad $565.00, motocicletas y remolques $788.00<\/p>\n\n\n\n<p>El refrendo vehicular es un impuesto que debe pagarse cada a\u00f1o por usar una placa para tu auto, es decir, es el costo que cubres por mantener los n\u00fameros y letras de tu placa asignados al auto de tu propiedad y as\u00ed poder circular sin ning\u00fan tipo de problema.<\/p>\n\n\n\n<p>Por lo anterior invitan a los propietarios a mantener en regla su documentaci\u00f3n, para evitar alg\u00fan tipo de infracci\u00f3n, asistiendo en la calle Jaime Nun\u00f3, esquina Juan Mogica Ugalde, zona Centro, en un horario de atenci\u00f3n de 9:00 a.m. 2:30 p.m.; para dudas llamar al tel\u00e9fono&nbsp;789&nbsp;89&nbsp;604&nbsp;85.<\/p>\n","protected":false},"excerpt":{"rendered":"<p>Por Gabriela Hern\u00e1ndez\/Zunoticia Huejutla, Hgo.- En este primer semestre del a\u00f1o y como parte del compromiso de los due\u00f1os de autom\u00f3viles y motocicletas que a diario transitan por la ciudad, por las v\u00edas estatales y federales, invitan a realizar el pago de refrendo vehicular. Especialmente para los autom\u00f3viles de modelo reciente que necesitan ser emplacados,&hellip; <a class=\"more-link\" href=\"https:\/\/www.zunoticia.com\/noticias-de-hidalgo\/2025\/01\/19\/pago-de-refrendo-vehicular-un-compromiso-para-duenos-de-automotores\/\">Seguir leyendo <span class=\"screen-reader-text\">Pago de refrendo vehicular, un compromiso para due\u00f1os de automotores<\/span><\/a><\/p>\n","protected":false},"author":12,"featured_media":580299,"comment_status":"open","ping_status":"open","sticky":false,"template":"","format":"standard","meta":{"rop_custom_images_group":[],"rop_custom_messages_group":[],"rop_publish_now":"initial","rop_publish_now_accounts":{"facebook_10159540855086992_322828327761733":""},"rop_publish_now_history":[],"rop_publish_now_status":"pending","footnotes":""},"categories":[181],"tags":[121],"class_list":["post-580295","post","type-post","status-publish","format-standard","has-post-thumbnail","hentry","category-huejutla","tag-huejutla","entry"],"_links":{"self":[{"href":"https:\/\/www.zunoticia.com\/noticias-de-hidalgo\/wp-json\/wp\/v2\/posts\/580295","targetHints":{"allow":["GET"]}}],"collection":[{"href":"https:\/\/www.zunoticia.com\/noticias-de-hidalgo\/wp-json\/wp\/v2\/posts"}],"about":[{"href":"https:\/\/www.zunoticia.com\/noticias-de-hidalgo\/wp-json\/wp\/v2\/types\/post"}],"author":[{"embeddable":true,"href":"https:\/\/www.zunoticia.com\/noticias-de-hidalgo\/wp-json\/wp\/v2\/users\/12"}],"replies":[{"embeddable":true,"href":"https:\/\/www.zunoticia.com\/noticias-de-hidalgo\/wp-json\/wp\/v2\/comments?post=580295"}],"version-history":[{"count":1,"href":"https:\/\/www.zunoticia.com\/noticias-de-hidalgo\/wp-json\/wp\/v2\/posts\/580295\/revisions"}],"predecessor-version":[{"id":580303,"href":"https:\/\/www.zunoticia.com\/noticias-de-hidalgo\/wp-json\/wp\/v2\/posts\/580295\/revisions\/580303"}],"wp:featuredmedia":[{"embeddable":true,"href":"https:\/\/www.zunoticia.com\/noticias-de-hidalgo\/wp-json\/wp\/v2\/media\/580299"}],"wp:attachment":[{"href":"https:\/\/www.zunoticia.com\/noticias-de-hidalgo\/wp-json\/wp\/v2\/media?parent=580295"}],"wp:term":[{"taxonomy":"category","embeddable":true,"href":"https:\/\/www.zunoticia.com\/noticias-de-hidalgo\/wp-json\/wp\/v2\/categories?post=580295"},{"taxonomy":"post_tag","embeddable":true,"href":"https:\/\/www.zunoticia.com\/noticias-de-hidalgo\/wp-json\/wp\/v2\/tags?post=580295"}],"curies":[{"name":"wp","href":"https:\/\/api.w.org\/{rel}","templated":true}]}}