{"id":580312,"date":"2025-01-19T20:22:42","date_gmt":"2025-01-20T02:22:42","guid":{"rendered":"https:\/\/www.zunoticia.com\/noticias-de-hidalgo\/?p=580312"},"modified":"2025-01-19T20:22:45","modified_gmt":"2025-01-20T02:22:45","slug":"automovilistas-demandan-reparacion-en-la-via-federal-mexico-tampico","status":"publish","type":"post","link":"https:\/\/www.zunoticia.com\/noticias-de-hidalgo\/2025\/01\/19\/automovilistas-demandan-reparacion-en-la-via-federal-mexico-tampico\/","title":{"rendered":"Automovilistas demandan reparaci\u00f3n en la v\u00eda federal M\u00e9xico \u2013 Tampico"},"content":{"rendered":"<aside class=\"mashsb-container mashsb-main mashsb-stretched\"><div class=\"mashsb-box\"><div class=\"mashsb-count mash-large\" style=\"float:left\"><div class=\"counts mashsbcount\">0<\/div><span class=\"mashsb-sharetext\">SHARES<\/span><\/div><div class=\"mashsb-buttons\"><a class=\"mashicon-facebook mash-large mash-center mashsb-noshadow\" href=\"https:\/\/www.facebook.com\/sharer.php?u=https%3A%2F%2Fwww.zunoticia.com%2Fnoticias-de-hidalgo%2F2025%2F01%2F19%2Fautomovilistas-demandan-reparacion-en-la-via-federal-mexico-tampico%2F\" target=\"_top\" rel=\"nofollow\"><span class=\"icon\"><\/span><span class=\"text\">Share<\/span><\/a><a class=\"mashicon-twitter mash-large mash-center mashsb-noshadow\" href=\"https:\/\/twitter.com\/intent\/tweet?text=&amp;url=https:\/\/www.zunoticia.com\/noticias-de-hidalgo\/2025\/01\/19\/automovilistas-demandan-reparacion-en-la-via-federal-mexico-tampico\/\" target=\"_top\" rel=\"nofollow\"><span class=\"icon\"><\/span><span class=\"text\">Tweet<\/span><\/a><div class=\"onoffswitch2 mash-large mashsb-noshadow\" style=\"display:none\"><\/div><\/div>\n            <\/div>\n                <div style=\"clear:both\"><\/div><div class=\"mashsb-toggle-container\"><\/div><\/aside>\n            <!-- Share buttons by mashshare.net - Version: 4.0.47-->\n<p><em>Por Gabriela Hern\u00e1ndez\/Zunoticia<\/em><\/p>\n\n\n\n<p><strong>Huejutla, Hgo.-<\/strong> En la v\u00eda m\u00e1s transitada de la ciudad, la carretera federal M\u00e9xico \u2013 Tampico, a la altura de los sem\u00e1foros que distribuyen la vialidad a la Aviaci\u00f3n Civil.<\/p>\n\n\n\n<figure class=\"wp-block-image size-full\"><img fetchpriority=\"high\" decoding=\"async\" width=\"1600\" height=\"1200\" src=\"https:\/\/www.zunoticia.com\/noticias-de-hidalgo\/wp-content\/uploads\/2025\/01\/eZy-Watermark_19-01-2025_07-14-57-8090p.m.jpg\" alt=\"\" class=\"wp-image-580287\"\/><\/figure>\n\n\n\n<p>Se encuentra un desnivel del asfalto, lo que provoca que conductores disminuyan la velocidad, haciendo el tr\u00e1nsito m\u00e1s lento, tambi\u00e9n que sus unidades se vean afectadas.<\/p>\n\n\n\n<figure class=\"wp-block-image size-full\"><img decoding=\"async\" width=\"1600\" height=\"1200\" src=\"https:\/\/www.zunoticia.com\/noticias-de-hidalgo\/wp-content\/uploads\/2025\/01\/eZy-Watermark_19-01-2025_07-15-51-5610p.m.jpg\" alt=\"\" class=\"wp-image-580286\"\/><\/figure>\n\n\n\n<p>Desde hace mucho tiempo esta parte se encuentra en malas condiciones sin que se le d\u00e9 el mantenimiento adecuado, otras calles se ha cubierto baches con chapapote, pero este tramo en especial ha estado en abandono total, causando la molestia de los conductores.<\/p>\n\n\n\n<figure class=\"wp-block-image size-full\"><img decoding=\"async\" width=\"1600\" height=\"1200\" src=\"https:\/\/www.zunoticia.com\/noticias-de-hidalgo\/wp-content\/uploads\/2025\/01\/eZy-Watermark_19-01-2025_07-15-35-5240p.m.jpg\" alt=\"\" class=\"wp-image-580285\"\/><\/figure>\n\n\n\n<p>Hay quienes a diario transitan por esta v\u00eda y ya conocen que est\u00e1 mal por lo que esquivan esta \u00e1rea, pero hay quienes no se percatan y por la velocidad a la que van les es imposible esquivar, lo que pudiera causar alg\u00fan accidente por el frenado brusco que algunos conductores dan.<\/p>\n\n\n\n<p>\u201cDe por si el sem\u00e1foro dura muy poco y todav\u00eda pasamos despacio por este lugar que est\u00e1 feo\u201d fue la expresi\u00f3n de un taxista que not\u00f3 nuestra presencia \u201cojal\u00e1 lo arreglen\u201d&nbsp;concluy\u00f3.<\/p>\n","protected":false},"excerpt":{"rendered":"<p>Por Gabriela Hern\u00e1ndez\/Zunoticia Huejutla, Hgo.- En la v\u00eda m\u00e1s transitada de la ciudad, la carretera federal M\u00e9xico \u2013 Tampico, a la altura de los sem\u00e1foros que distribuyen la vialidad a la Aviaci\u00f3n Civil. Se encuentra un desnivel del asfalto, lo que provoca que conductores disminuyan la velocidad, haciendo el tr\u00e1nsito m\u00e1s lento, tambi\u00e9n que sus&hellip; <a class=\"more-link\" href=\"https:\/\/www.zunoticia.com\/noticias-de-hidalgo\/2025\/01\/19\/automovilistas-demandan-reparacion-en-la-via-federal-mexico-tampico\/\">Seguir leyendo <span class=\"screen-reader-text\">Automovilistas demandan reparaci\u00f3n en la v\u00eda federal M\u00e9xico \u2013 Tampico<\/span><\/a><\/p>\n","protected":false},"author":12,"featured_media":580284,"comment_status":"open","ping_status":"open","sticky":false,"template":"","format":"standard","meta":{"rop_custom_images_group":[],"rop_custom_messages_group":[],"rop_publish_now":"initial","rop_publish_now_accounts":{"facebook_10159540855086992_322828327761733":""},"rop_publish_now_history":[],"rop_publish_now_status":"pending","footnotes":""},"categories":[181],"tags":[121],"class_list":["post-580312","post","type-post","status-publish","format-standard","has-post-thumbnail","hentry","category-huejutla","tag-huejutla","entry"],"_links":{"self":[{"href":"https:\/\/www.zunoticia.com\/noticias-de-hidalgo\/wp-json\/wp\/v2\/posts\/580312","targetHints":{"allow":["GET"]}}],"collection":[{"href":"https:\/\/www.zunoticia.com\/noticias-de-hidalgo\/wp-json\/wp\/v2\/posts"}],"about":[{"href":"https:\/\/www.zunoticia.com\/noticias-de-hidalgo\/wp-json\/wp\/v2\/types\/post"}],"author":[{"embeddable":true,"href":"https:\/\/www.zunoticia.com\/noticias-de-hidalgo\/wp-json\/wp\/v2\/users\/12"}],"replies":[{"embeddable":true,"href":"https:\/\/www.zunoticia.com\/noticias-de-hidalgo\/wp-json\/wp\/v2\/comments?post=580312"}],"version-history":[{"count":1,"href":"https:\/\/www.zunoticia.com\/noticias-de-hidalgo\/wp-json\/wp\/v2\/posts\/580312\/revisions"}],"predecessor-version":[{"id":580313,"href":"https:\/\/www.zunoticia.com\/noticias-de-hidalgo\/wp-json\/wp\/v2\/posts\/580312\/revisions\/580313"}],"wp:featuredmedia":[{"embeddable":true,"href":"https:\/\/www.zunoticia.com\/noticias-de-hidalgo\/wp-json\/wp\/v2\/media\/580284"}],"wp:attachment":[{"href":"https:\/\/www.zunoticia.com\/noticias-de-hidalgo\/wp-json\/wp\/v2\/media?parent=580312"}],"wp:term":[{"taxonomy":"category","embeddable":true,"href":"https:\/\/www.zunoticia.com\/noticias-de-hidalgo\/wp-json\/wp\/v2\/categories?post=580312"},{"taxonomy":"post_tag","embeddable":true,"href":"https:\/\/www.zunoticia.com\/noticias-de-hidalgo\/wp-json\/wp\/v2\/tags?post=580312"}],"curies":[{"name":"wp","href":"https:\/\/api.w.org\/{rel}","templated":true}]}}