{"id":580705,"date":"2025-01-23T10:10:19","date_gmt":"2025-01-23T16:10:19","guid":{"rendered":"https:\/\/www.zunoticia.com\/noticias-de-hidalgo\/?p=580705"},"modified":"2025-01-23T11:07:19","modified_gmt":"2025-01-23T17:07:19","slug":"rescataron-abuelito-que-estaba-perdido-en-el-monte","status":"publish","type":"post","link":"https:\/\/www.zunoticia.com\/noticias-de-hidalgo\/2025\/01\/23\/rescataron-abuelito-que-estaba-perdido-en-el-monte\/","title":{"rendered":"Rescataron abuelito que estaba perdido en el monte"},"content":{"rendered":"<aside class=\"mashsb-container mashsb-main mashsb-stretched\"><div class=\"mashsb-box\"><div class=\"mashsb-count mash-large\" style=\"float:left\"><div class=\"counts mashsbcount\">0<\/div><span class=\"mashsb-sharetext\">SHARES<\/span><\/div><div class=\"mashsb-buttons\"><a class=\"mashicon-facebook mash-large mash-center mashsb-noshadow\" href=\"https:\/\/www.facebook.com\/sharer.php?u=https%3A%2F%2Fwww.zunoticia.com%2Fnoticias-de-hidalgo%2F2025%2F01%2F23%2Frescataron-abuelito-que-estaba-perdido-en-el-monte%2F\" target=\"_top\" rel=\"nofollow\"><span class=\"icon\"><\/span><span class=\"text\">Share<\/span><\/a><a class=\"mashicon-twitter mash-large mash-center mashsb-noshadow\" href=\"https:\/\/twitter.com\/intent\/tweet?text=&amp;url=https:\/\/www.zunoticia.com\/noticias-de-hidalgo\/2025\/01\/23\/rescataron-abuelito-que-estaba-perdido-en-el-monte\/\" target=\"_top\" rel=\"nofollow\"><span class=\"icon\"><\/span><span class=\"text\">Tweet<\/span><\/a><div class=\"onoffswitch2 mash-large mashsb-noshadow\" style=\"display:none\"><\/div><\/div>\n            <\/div>\n                <div style=\"clear:both\"><\/div><div class=\"mashsb-toggle-container\"><\/div><\/aside>\n            <!-- Share buttons by mashshare.net - Version: 4.0.47-->\n<ul class=\"wp-block-list\">\n<li>El reporte de b\u00fasqueda fue presentado por familiares el mi\u00e9rcoles por la noche.<\/li>\n<\/ul>\n\n\n\n<p><em>Por Roberto Ram\u00edrez \/Zunoticia<\/em><\/p>\n\n\n\n<p><strong>Tlanchinol, Hgo. &#8211;<\/strong> Movilizaci\u00f3n polic\u00edaca y de protecci\u00f3n civil municipal gener\u00f3 el reporte de un abuelito que se perdi\u00f3 en el monte en este municipio, fueron sus familiares quienes reportaron que el adulto mayor no hab\u00eda llegado su casa y tem\u00edan por su integridad f\u00edsica.<\/p>\n\n\n\n<figure class=\"wp-block-image size-full\"><img fetchpriority=\"high\" decoding=\"async\" width=\"1280\" height=\"876\" src=\"https:\/\/www.zunoticia.com\/noticias-de-hidalgo\/wp-content\/uploads\/2025\/01\/Localizaron-abuelito-1.jpeg\" alt=\"\" class=\"wp-image-580707\"\/><\/figure>\n\n\n\n<p>Fuentes polic\u00edacas informaron que fue la noche del mi\u00e9rcoles que reportaron que Vicente R. L. de 74 a\u00f1os de edad del barrio Santa Cecilia, estaba extraviado, por lo que elementos de la Secretar\u00eda de Seguridad P\u00fablica Municipal y Protecci\u00f3n Civil implementaron un operativo sobre la carretera estatal que conduce a la comunidad de Hueyapa.<\/p>\n\n\n\n<figure class=\"wp-block-image size-full\"><img decoding=\"async\" width=\"1118\" height=\"1280\" src=\"https:\/\/www.zunoticia.com\/noticias-de-hidalgo\/wp-content\/uploads\/2025\/01\/Localizaron-abuelito-2.jpeg\" alt=\"\" class=\"wp-image-580709\"\/><\/figure>\n\n\n\n<p>Tras haber implementado la b\u00fasqueda momentos m\u00e1s tarde encontraron sano y salvo el abuelito en la orilla de un potrero y fue trasladado a su domicilio para entregar a sus familiares, de esta forma gracias a la coordinaci\u00f3n de trabajo de polic\u00edas municipales y protecci\u00f3n civil municipal lograron hallar a este masculino.<\/p>\n","protected":false},"excerpt":{"rendered":"<p>Por Roberto Ram\u00edrez \/Zunoticia Tlanchinol, Hgo. &#8211; Movilizaci\u00f3n polic\u00edaca y de protecci\u00f3n civil municipal gener\u00f3 el reporte de un abuelito que se perdi\u00f3 en el monte en este municipio, fueron sus familiares quienes reportaron que el adulto mayor no hab\u00eda llegado su casa y tem\u00edan por su integridad f\u00edsica. Fuentes polic\u00edacas informaron que fue la&hellip; <a class=\"more-link\" href=\"https:\/\/www.zunoticia.com\/noticias-de-hidalgo\/2025\/01\/23\/rescataron-abuelito-que-estaba-perdido-en-el-monte\/\">Seguir leyendo <span class=\"screen-reader-text\">Rescataron abuelito que estaba perdido en el monte<\/span><\/a><\/p>\n","protected":false},"author":23,"featured_media":580706,"comment_status":"open","ping_status":"open","sticky":false,"template":"","format":"standard","meta":{"rop_custom_images_group":[],"rop_custom_messages_group":[],"rop_publish_now":"initial","rop_publish_now_accounts":{"facebook_10159540855086992_322828327761733":""},"rop_publish_now_history":[],"rop_publish_now_status":"pending","footnotes":""},"categories":[178,201],"tags":[259],"class_list":["post-580705","post","type-post","status-publish","format-standard","has-post-thumbnail","hentry","category-policiaca","category-tlanchinol","tag-policiaca","entry"],"_links":{"self":[{"href":"https:\/\/www.zunoticia.com\/noticias-de-hidalgo\/wp-json\/wp\/v2\/posts\/580705","targetHints":{"allow":["GET"]}}],"collection":[{"href":"https:\/\/www.zunoticia.com\/noticias-de-hidalgo\/wp-json\/wp\/v2\/posts"}],"about":[{"href":"https:\/\/www.zunoticia.com\/noticias-de-hidalgo\/wp-json\/wp\/v2\/types\/post"}],"author":[{"embeddable":true,"href":"https:\/\/www.zunoticia.com\/noticias-de-hidalgo\/wp-json\/wp\/v2\/users\/23"}],"replies":[{"embeddable":true,"href":"https:\/\/www.zunoticia.com\/noticias-de-hidalgo\/wp-json\/wp\/v2\/comments?post=580705"}],"version-history":[{"count":1,"href":"https:\/\/www.zunoticia.com\/noticias-de-hidalgo\/wp-json\/wp\/v2\/posts\/580705\/revisions"}],"predecessor-version":[{"id":580710,"href":"https:\/\/www.zunoticia.com\/noticias-de-hidalgo\/wp-json\/wp\/v2\/posts\/580705\/revisions\/580710"}],"wp:featuredmedia":[{"embeddable":true,"href":"https:\/\/www.zunoticia.com\/noticias-de-hidalgo\/wp-json\/wp\/v2\/media\/580706"}],"wp:attachment":[{"href":"https:\/\/www.zunoticia.com\/noticias-de-hidalgo\/wp-json\/wp\/v2\/media?parent=580705"}],"wp:term":[{"taxonomy":"category","embeddable":true,"href":"https:\/\/www.zunoticia.com\/noticias-de-hidalgo\/wp-json\/wp\/v2\/categories?post=580705"},{"taxonomy":"post_tag","embeddable":true,"href":"https:\/\/www.zunoticia.com\/noticias-de-hidalgo\/wp-json\/wp\/v2\/tags?post=580705"}],"curies":[{"name":"wp","href":"https:\/\/api.w.org\/{rel}","templated":true}]}}