{"id":580711,"date":"2025-01-23T10:27:29","date_gmt":"2025-01-23T16:27:29","guid":{"rendered":"https:\/\/www.zunoticia.com\/noticias-de-hidalgo\/?p=580711"},"modified":"2025-01-23T11:06:18","modified_gmt":"2025-01-23T17:06:18","slug":"bloqueo-carretero-por-danos-ocasionados-por-trailer","status":"publish","type":"post","link":"https:\/\/www.zunoticia.com\/noticias-de-hidalgo\/2025\/01\/23\/bloqueo-carretero-por-danos-ocasionados-por-trailer\/","title":{"rendered":"Bloqueo carretero ocasionado por tr\u00e1iler"},"content":{"rendered":"<aside class=\"mashsb-container mashsb-main mashsb-stretched\"><div class=\"mashsb-box\"><div class=\"mashsb-count mash-large\" style=\"float:left\"><div class=\"counts mashsbcount\">0<\/div><span class=\"mashsb-sharetext\">SHARES<\/span><\/div><div class=\"mashsb-buttons\"><a class=\"mashicon-facebook mash-large mash-center mashsb-noshadow\" href=\"https:\/\/www.facebook.com\/sharer.php?u=https%3A%2F%2Fwww.zunoticia.com%2Fnoticias-de-hidalgo%2F2025%2F01%2F23%2Fbloqueo-carretero-por-danos-ocasionados-por-trailer%2F\" target=\"_top\" rel=\"nofollow\"><span class=\"icon\"><\/span><span class=\"text\">Share<\/span><\/a><a class=\"mashicon-twitter mash-large mash-center mashsb-noshadow\" href=\"https:\/\/twitter.com\/intent\/tweet?text=&amp;url=https:\/\/www.zunoticia.com\/noticias-de-hidalgo\/2025\/01\/23\/bloqueo-carretero-por-danos-ocasionados-por-trailer\/\" target=\"_top\" rel=\"nofollow\"><span class=\"icon\"><\/span><span class=\"text\">Tweet<\/span><\/a><div class=\"onoffswitch2 mash-large mashsb-noshadow\" style=\"display:none\"><\/div><\/div>\n            <\/div>\n                <div style=\"clear:both\"><\/div><div class=\"mashsb-toggle-container\"><\/div><\/aside>\n            <!-- Share buttons by mashshare.net - Version: 4.0.47-->\n<ul class=\"wp-block-list\">\n<li>El conductor del tr\u00e1iler se presume intentaba rebasar un autob\u00fas y termin\u00f3 da\u00f1ando cables de electricidad.<\/li>\n<\/ul>\n\n\n\n<p><em>Por Roberto Ramirez \/Zunoticia<\/em><\/p>\n\n\n\n<p><strong>Huejutla, Hgo. &#8211; <\/strong>Esta ma\u00f1ana se encuentra bloqueada la v\u00eda estatal Huejutla-Santa Cruz luego de que un tr\u00e1iler moviera un poste de la Comisi\u00f3n Federal de Electricidad y derribara cables domiciliarios de las mufas, por lo que dej\u00f3 sin servicio de electricidad a varias personas de lugar.<\/p>\n\n\n\n<p>El tr\u00e1iler presuntamente iba rebasar un autob\u00fas pero por lo angosto de la v\u00eda movi\u00f3 un poste y destroz\u00f3 cables domiciliarios, los conductores fueron requeridos por los habitantes para que se garantice la reparaci\u00f3n del servicio de electricidad; por el momento no hay paso en ambos sentidos en lo que se reparan los da\u00f1os.<\/p>\n\n\n\n<figure class=\"wp-block-image size-full\"><img fetchpriority=\"high\" decoding=\"async\" width=\"727\" height=\"940\" src=\"https:\/\/www.zunoticia.com\/noticias-de-hidalgo\/wp-content\/uploads\/2025\/01\/Trailer-derribo-cables-de-electricidad-3.jpeg\" alt=\"\" class=\"wp-image-580713\"\/><\/figure>\n\n\n\n<p>Por haber ocasionado este accidente el tr\u00e1iler y el autob\u00fas con los conductores se encuentran retenidos en esa comunidad hasta que resuelvan los desperfectos ser\u00e1n liberados.<\/p>\n\n\n\n<p>Cabe hacer menci\u00f3n que hace dos d\u00edas los habitantes llevaron a cabo una excavaci\u00f3n en medio de la carretera y del cual ayer habilitaron el paso en un solo carril. Se espera que lleguen a los acuerdos  para la reparaci\u00f3n de los da\u00f1os, para reabrir el paso por esa v\u00eda estatal.<\/p>\n","protected":false},"excerpt":{"rendered":"<p>Por Roberto Ramirez \/Zunoticia Huejutla, Hgo. &#8211; Esta ma\u00f1ana se encuentra bloqueada la v\u00eda estatal Huejutla-Santa Cruz luego de que un tr\u00e1iler moviera un poste de la Comisi\u00f3n Federal de Electricidad y derribara cables domiciliarios de las mufas, por lo que dej\u00f3 sin servicio de electricidad a varias personas de lugar. El tr\u00e1iler presuntamente iba&hellip; <a class=\"more-link\" href=\"https:\/\/www.zunoticia.com\/noticias-de-hidalgo\/2025\/01\/23\/bloqueo-carretero-por-danos-ocasionados-por-trailer\/\">Seguir leyendo <span class=\"screen-reader-text\">Bloqueo carretero ocasionado por tr\u00e1iler<\/span><\/a><\/p>\n","protected":false},"author":23,"featured_media":580712,"comment_status":"open","ping_status":"open","sticky":false,"template":"","format":"standard","meta":{"rop_custom_images_group":[],"rop_custom_messages_group":[],"rop_publish_now":"initial","rop_publish_now_accounts":{"facebook_10159540855086992_322828327761733":""},"rop_publish_now_history":[],"rop_publish_now_status":"pending","footnotes":""},"categories":[181,178],"tags":[259],"class_list":["post-580711","post","type-post","status-publish","format-standard","has-post-thumbnail","hentry","category-huejutla","category-policiaca","tag-policiaca","entry"],"_links":{"self":[{"href":"https:\/\/www.zunoticia.com\/noticias-de-hidalgo\/wp-json\/wp\/v2\/posts\/580711","targetHints":{"allow":["GET"]}}],"collection":[{"href":"https:\/\/www.zunoticia.com\/noticias-de-hidalgo\/wp-json\/wp\/v2\/posts"}],"about":[{"href":"https:\/\/www.zunoticia.com\/noticias-de-hidalgo\/wp-json\/wp\/v2\/types\/post"}],"author":[{"embeddable":true,"href":"https:\/\/www.zunoticia.com\/noticias-de-hidalgo\/wp-json\/wp\/v2\/users\/23"}],"replies":[{"embeddable":true,"href":"https:\/\/www.zunoticia.com\/noticias-de-hidalgo\/wp-json\/wp\/v2\/comments?post=580711"}],"version-history":[{"count":4,"href":"https:\/\/www.zunoticia.com\/noticias-de-hidalgo\/wp-json\/wp\/v2\/posts\/580711\/revisions"}],"predecessor-version":[{"id":580718,"href":"https:\/\/www.zunoticia.com\/noticias-de-hidalgo\/wp-json\/wp\/v2\/posts\/580711\/revisions\/580718"}],"wp:featuredmedia":[{"embeddable":true,"href":"https:\/\/www.zunoticia.com\/noticias-de-hidalgo\/wp-json\/wp\/v2\/media\/580712"}],"wp:attachment":[{"href":"https:\/\/www.zunoticia.com\/noticias-de-hidalgo\/wp-json\/wp\/v2\/media?parent=580711"}],"wp:term":[{"taxonomy":"category","embeddable":true,"href":"https:\/\/www.zunoticia.com\/noticias-de-hidalgo\/wp-json\/wp\/v2\/categories?post=580711"},{"taxonomy":"post_tag","embeddable":true,"href":"https:\/\/www.zunoticia.com\/noticias-de-hidalgo\/wp-json\/wp\/v2\/tags?post=580711"}],"curies":[{"name":"wp","href":"https:\/\/api.w.org\/{rel}","templated":true}]}}