{"id":580722,"date":"2025-01-23T12:21:52","date_gmt":"2025-01-23T18:21:52","guid":{"rendered":"https:\/\/www.zunoticia.com\/noticias-de-hidalgo\/?p=580722"},"modified":"2025-01-23T12:21:53","modified_gmt":"2025-01-23T18:21:53","slug":"imparten-curso-a-supervisores-apoyos-tecnico-pedagogico-directores-y-docentes","status":"publish","type":"post","link":"https:\/\/www.zunoticia.com\/noticias-de-hidalgo\/2025\/01\/23\/imparten-curso-a-supervisores-apoyos-tecnico-pedagogico-directores-y-docentes\/","title":{"rendered":"Imparten curso a supervisores, apoyos t\u00e9cnico pedag\u00f3gico, directores y docentes"},"content":{"rendered":"<aside class=\"mashsb-container mashsb-main mashsb-stretched\"><div class=\"mashsb-box\"><div class=\"mashsb-count mash-large\" style=\"float:left\"><div class=\"counts mashsbcount\">15<\/div><span class=\"mashsb-sharetext\">SHARES<\/span><\/div><div class=\"mashsb-buttons\"><a class=\"mashicon-facebook mash-large mash-center mashsb-noshadow\" href=\"https:\/\/www.facebook.com\/sharer.php?u=https%3A%2F%2Fwww.zunoticia.com%2Fnoticias-de-hidalgo%2F2025%2F01%2F23%2Fimparten-curso-a-supervisores-apoyos-tecnico-pedagogico-directores-y-docentes%2F\" target=\"_top\" rel=\"nofollow\"><span class=\"icon\"><\/span><span class=\"text\">Share<\/span><\/a><a class=\"mashicon-twitter mash-large mash-center mashsb-noshadow\" href=\"https:\/\/twitter.com\/intent\/tweet?text=&amp;url=https:\/\/www.zunoticia.com\/noticias-de-hidalgo\/2025\/01\/23\/imparten-curso-a-supervisores-apoyos-tecnico-pedagogico-directores-y-docentes\/\" target=\"_top\" rel=\"nofollow\"><span class=\"icon\"><\/span><span class=\"text\">Tweet<\/span><\/a><div class=\"onoffswitch2 mash-large mashsb-noshadow\" style=\"display:none\"><\/div><\/div>\n            <\/div>\n                <div style=\"clear:both\"><\/div><div class=\"mashsb-toggle-container\"><\/div><\/aside>\n            <!-- Share buttons by mashshare.net - Version: 4.0.47-->\n<p><em>Por Enedino Hern\u00e1ndez Alonso<\/em><\/p>\n\n\n\n<p><strong>Huejutla, Hgo<\/strong>.- Supervisores, apoyos t\u00e9cnico pedag\u00f3gico, directores y docentes de los Sectores 10, 14, 22 y 32 de Educaci\u00f3n Primaria general, participan durante este jueves en un importante curso &#8211; taller de capacitaci\u00f3n.<\/p>\n\n\n\n<p>El curso a estos trabajadores de la educaci\u00f3n es aplicado ante la presencia del maestro Jos\u00e9 Ventura Corona Bruno, quien es director de Educaci\u00f3n Primaria General en el estado de Hidalgo.<\/p>\n\n\n\n<p>Asimismo, se destaca que, el curso &#8211; taller se realiza en las instalaciones de la Escuela Primaria \u201cL\u00e1zaro C\u00e1rdenas del R\u00edo\u201d, iniciando a las 09:00 para concluir a las 18:00 horas, seis de la tarde.<\/p>\n\n\n\n<p>Finalmente, se informa que el curso se imparte desde la malla curricular de los planes y programas de estudio en el \u00e1mbito de lenguajes, considerando que el arte es una parte indispensable de la pedagog\u00eda, que permite que el alumno construya nuevos conocimientos.<\/p>\n\n\n\n<figure class=\"wp-block-image size-full\"><img fetchpriority=\"high\" decoding=\"async\" width=\"933\" height=\"524\" src=\"https:\/\/www.zunoticia.com\/noticias-de-hidalgo\/wp-content\/uploads\/2025\/01\/Zunoticia-Huejutla-1-184.png\" alt=\"\" class=\"wp-image-580724\"\/><\/figure>\n","protected":false},"excerpt":{"rendered":"<p>Por Enedino Hern\u00e1ndez Alonso Huejutla, Hgo.- Supervisores, apoyos t\u00e9cnico pedag\u00f3gico, directores y docentes de los Sectores 10, 14, 22 y 32 de Educaci\u00f3n Primaria general, participan durante este jueves en un importante curso &#8211; taller de capacitaci\u00f3n. El curso a estos trabajadores de la educaci\u00f3n es aplicado ante la presencia del maestro Jos\u00e9 Ventura Corona&hellip; <a class=\"more-link\" href=\"https:\/\/www.zunoticia.com\/noticias-de-hidalgo\/2025\/01\/23\/imparten-curso-a-supervisores-apoyos-tecnico-pedagogico-directores-y-docentes\/\">Seguir leyendo <span class=\"screen-reader-text\">Imparten curso a supervisores, apoyos t\u00e9cnico pedag\u00f3gico, directores y docentes<\/span><\/a><\/p>\n","protected":false},"author":20,"featured_media":580723,"comment_status":"open","ping_status":"open","sticky":false,"template":"","format":"standard","meta":{"rop_custom_images_group":[],"rop_custom_messages_group":[],"rop_publish_now":"initial","rop_publish_now_accounts":{"facebook_10159540855086992_322828327761733":""},"rop_publish_now_history":[],"rop_publish_now_status":"pending","footnotes":""},"categories":[1],"tags":[],"class_list":["post-580722","post","type-post","status-publish","format-standard","has-post-thumbnail","hentry","category-sin-categoria","entry"],"_links":{"self":[{"href":"https:\/\/www.zunoticia.com\/noticias-de-hidalgo\/wp-json\/wp\/v2\/posts\/580722","targetHints":{"allow":["GET"]}}],"collection":[{"href":"https:\/\/www.zunoticia.com\/noticias-de-hidalgo\/wp-json\/wp\/v2\/posts"}],"about":[{"href":"https:\/\/www.zunoticia.com\/noticias-de-hidalgo\/wp-json\/wp\/v2\/types\/post"}],"author":[{"embeddable":true,"href":"https:\/\/www.zunoticia.com\/noticias-de-hidalgo\/wp-json\/wp\/v2\/users\/20"}],"replies":[{"embeddable":true,"href":"https:\/\/www.zunoticia.com\/noticias-de-hidalgo\/wp-json\/wp\/v2\/comments?post=580722"}],"version-history":[{"count":1,"href":"https:\/\/www.zunoticia.com\/noticias-de-hidalgo\/wp-json\/wp\/v2\/posts\/580722\/revisions"}],"predecessor-version":[{"id":580725,"href":"https:\/\/www.zunoticia.com\/noticias-de-hidalgo\/wp-json\/wp\/v2\/posts\/580722\/revisions\/580725"}],"wp:featuredmedia":[{"embeddable":true,"href":"https:\/\/www.zunoticia.com\/noticias-de-hidalgo\/wp-json\/wp\/v2\/media\/580723"}],"wp:attachment":[{"href":"https:\/\/www.zunoticia.com\/noticias-de-hidalgo\/wp-json\/wp\/v2\/media?parent=580722"}],"wp:term":[{"taxonomy":"category","embeddable":true,"href":"https:\/\/www.zunoticia.com\/noticias-de-hidalgo\/wp-json\/wp\/v2\/categories?post=580722"},{"taxonomy":"post_tag","embeddable":true,"href":"https:\/\/www.zunoticia.com\/noticias-de-hidalgo\/wp-json\/wp\/v2\/tags?post=580722"}],"curies":[{"name":"wp","href":"https:\/\/api.w.org\/{rel}","templated":true}]}}