{"id":580737,"date":"2025-01-23T14:19:01","date_gmt":"2025-01-23T20:19:01","guid":{"rendered":"https:\/\/www.zunoticia.com\/noticias-de-hidalgo\/?p=580737"},"modified":"2025-01-23T14:19:03","modified_gmt":"2025-01-23T20:19:03","slug":"celebrara-telesecundarias-57-aniversario","status":"publish","type":"post","link":"https:\/\/www.zunoticia.com\/noticias-de-hidalgo\/2025\/01\/23\/celebrara-telesecundarias-57-aniversario\/","title":{"rendered":"Celebrar\u00e1 Telesecundarias 57 aniversario"},"content":{"rendered":"<aside class=\"mashsb-container mashsb-main mashsb-stretched\"><div class=\"mashsb-box\"><div class=\"mashsb-count mash-large\" style=\"float:left\"><div class=\"counts mashsbcount\">0<\/div><span class=\"mashsb-sharetext\">SHARES<\/span><\/div><div class=\"mashsb-buttons\"><a class=\"mashicon-facebook mash-large mash-center mashsb-noshadow\" href=\"https:\/\/www.facebook.com\/sharer.php?u=https%3A%2F%2Fwww.zunoticia.com%2Fnoticias-de-hidalgo%2F2025%2F01%2F23%2Fcelebrara-telesecundarias-57-aniversario%2F\" target=\"_top\" rel=\"nofollow\"><span class=\"icon\"><\/span><span class=\"text\">Share<\/span><\/a><a class=\"mashicon-twitter mash-large mash-center mashsb-noshadow\" href=\"https:\/\/twitter.com\/intent\/tweet?text=&amp;url=https:\/\/www.zunoticia.com\/noticias-de-hidalgo\/2025\/01\/23\/celebrara-telesecundarias-57-aniversario\/\" target=\"_top\" rel=\"nofollow\"><span class=\"icon\"><\/span><span class=\"text\">Tweet<\/span><\/a><div class=\"onoffswitch2 mash-large mashsb-noshadow\" style=\"display:none\"><\/div><\/div>\n            <\/div>\n                <div style=\"clear:both\"><\/div><div class=\"mashsb-toggle-container\"><\/div><\/aside>\n            <!-- Share buttons by mashshare.net - Version: 4.0.47-->\n<p><em>Por Enedino Hern\u00e1ndez Alonso\/Zunoticia<\/em><\/p>\n\n\n\n<p><strong>Huejutla, Hgo<\/strong>.- Con diversas actividades, previamente programadas para la tarde de este viernes 24 de enero, se conmemorar\u00e1 el 57 aniversario del nivel de Telesecundarias.<\/p>\n\n\n\n<p>Con toda oportunidad se ha emitido la convocatoria para las actividades que se realizar\u00e1n este viernes, en la zona centro de esta ciudad de Huejutla, en donde se tendr\u00e1 la participaci\u00f3n de las zonas escolares 05, 28, 29 y 52 pertenecientes al Sector no. 5 de Escuelas Telesecundarias.<\/p>\n\n\n\n<p>Seg\u00fan la programaci\u00f3n de las actividades previstas para la tarde de este viernes, se contempla a las 16:00 horas, cuatro de la tarde, un Desfile desde la Plazuela Ju\u00e1rez a la Plaza del Reloj Monumental Huejutla.<\/p>\n\n\n\n<p>Posteriormente a las 16:30 horas, cuatro y media de la tarde, se desarrollar\u00e1 un programa c\u00edvico &#8211; cultural conmemorativo, en la Plaza del Reloj Monumental, en esta ciudad de Huejutla.<\/p>\n\n\n\n<figure class=\"wp-block-image size-full\"><img fetchpriority=\"high\" decoding=\"async\" width=\"933\" height=\"524\" src=\"https:\/\/www.zunoticia.com\/noticias-de-hidalgo\/wp-content\/uploads\/2025\/01\/Zunoticia-Huejutla-1-187.png\" alt=\"\" class=\"wp-image-580739\"\/><\/figure>\n","protected":false},"excerpt":{"rendered":"<p>Por Enedino Hern\u00e1ndez Alonso\/Zunoticia Huejutla, Hgo.- Con diversas actividades, previamente programadas para la tarde de este viernes 24 de enero, se conmemorar\u00e1 el 57 aniversario del nivel de Telesecundarias. Con toda oportunidad se ha emitido la convocatoria para las actividades que se realizar\u00e1n este viernes, en la zona centro de esta ciudad de Huejutla, en&hellip; <a class=\"more-link\" href=\"https:\/\/www.zunoticia.com\/noticias-de-hidalgo\/2025\/01\/23\/celebrara-telesecundarias-57-aniversario\/\">Seguir leyendo <span class=\"screen-reader-text\">Celebrar\u00e1 Telesecundarias 57 aniversario<\/span><\/a><\/p>\n","protected":false},"author":20,"featured_media":580738,"comment_status":"open","ping_status":"open","sticky":false,"template":"","format":"standard","meta":{"rop_custom_images_group":[],"rop_custom_messages_group":[],"rop_publish_now":"initial","rop_publish_now_accounts":{"facebook_10159540855086992_322828327761733":""},"rop_publish_now_history":[],"rop_publish_now_status":"pending","footnotes":""},"categories":[181],"tags":[121],"class_list":["post-580737","post","type-post","status-publish","format-standard","has-post-thumbnail","hentry","category-huejutla","tag-huejutla","entry"],"_links":{"self":[{"href":"https:\/\/www.zunoticia.com\/noticias-de-hidalgo\/wp-json\/wp\/v2\/posts\/580737","targetHints":{"allow":["GET"]}}],"collection":[{"href":"https:\/\/www.zunoticia.com\/noticias-de-hidalgo\/wp-json\/wp\/v2\/posts"}],"about":[{"href":"https:\/\/www.zunoticia.com\/noticias-de-hidalgo\/wp-json\/wp\/v2\/types\/post"}],"author":[{"embeddable":true,"href":"https:\/\/www.zunoticia.com\/noticias-de-hidalgo\/wp-json\/wp\/v2\/users\/20"}],"replies":[{"embeddable":true,"href":"https:\/\/www.zunoticia.com\/noticias-de-hidalgo\/wp-json\/wp\/v2\/comments?post=580737"}],"version-history":[{"count":1,"href":"https:\/\/www.zunoticia.com\/noticias-de-hidalgo\/wp-json\/wp\/v2\/posts\/580737\/revisions"}],"predecessor-version":[{"id":580740,"href":"https:\/\/www.zunoticia.com\/noticias-de-hidalgo\/wp-json\/wp\/v2\/posts\/580737\/revisions\/580740"}],"wp:featuredmedia":[{"embeddable":true,"href":"https:\/\/www.zunoticia.com\/noticias-de-hidalgo\/wp-json\/wp\/v2\/media\/580738"}],"wp:attachment":[{"href":"https:\/\/www.zunoticia.com\/noticias-de-hidalgo\/wp-json\/wp\/v2\/media?parent=580737"}],"wp:term":[{"taxonomy":"category","embeddable":true,"href":"https:\/\/www.zunoticia.com\/noticias-de-hidalgo\/wp-json\/wp\/v2\/categories?post=580737"},{"taxonomy":"post_tag","embeddable":true,"href":"https:\/\/www.zunoticia.com\/noticias-de-hidalgo\/wp-json\/wp\/v2\/tags?post=580737"}],"curies":[{"name":"wp","href":"https:\/\/api.w.org\/{rel}","templated":true}]}}