{"id":580741,"date":"2025-01-23T14:25:03","date_gmt":"2025-01-23T20:25:03","guid":{"rendered":"https:\/\/www.zunoticia.com\/noticias-de-hidalgo\/?p=580741"},"modified":"2025-01-23T14:25:05","modified_gmt":"2025-01-23T20:25:05","slug":"titular-del-dif-municipal-se-reune-con-padres-de-familia-de-mecatlan","status":"publish","type":"post","link":"https:\/\/www.zunoticia.com\/noticias-de-hidalgo\/2025\/01\/23\/titular-del-dif-municipal-se-reune-con-padres-de-familia-de-mecatlan\/","title":{"rendered":"Titular del DIF municipal se re\u00fane con padres de familia de Mecatl\u00e1n"},"content":{"rendered":"<aside class=\"mashsb-container mashsb-main mashsb-stretched\"><div class=\"mashsb-box\"><div class=\"mashsb-count mash-large\" style=\"float:left\"><div class=\"counts mashsbcount\">18<\/div><span class=\"mashsb-sharetext\">SHARES<\/span><\/div><div class=\"mashsb-buttons\"><a class=\"mashicon-facebook mash-large mash-center mashsb-noshadow\" href=\"https:\/\/www.facebook.com\/sharer.php?u=https%3A%2F%2Fwww.zunoticia.com%2Fnoticias-de-hidalgo%2F2025%2F01%2F23%2Ftitular-del-dif-municipal-se-reune-con-padres-de-familia-de-mecatlan%2F\" target=\"_top\" rel=\"nofollow\"><span class=\"icon\"><\/span><span class=\"text\">Share<\/span><\/a><a class=\"mashicon-twitter mash-large mash-center mashsb-noshadow\" href=\"https:\/\/twitter.com\/intent\/tweet?text=&amp;url=https:\/\/www.zunoticia.com\/noticias-de-hidalgo\/2025\/01\/23\/titular-del-dif-municipal-se-reune-con-padres-de-familia-de-mecatlan\/\" target=\"_top\" rel=\"nofollow\"><span class=\"icon\"><\/span><span class=\"text\">Tweet<\/span><\/a><div class=\"onoffswitch2 mash-large mashsb-noshadow\" style=\"display:none\"><\/div><\/div>\n            <\/div>\n                <div style=\"clear:both\"><\/div><div class=\"mashsb-toggle-container\"><\/div><\/aside>\n            <!-- Share buttons by mashshare.net - Version: 4.0.47-->\n<p><em>Por Salvador Altamirano\/Zunoticia<\/em><\/p>\n\n\n\n<p><strong>Yahualica, Hgo<\/strong>.- El objetivo del programa denominado &#8220;Puntos de Innovaci\u00f3n, Libertad, Arte, Educaci\u00f3n y Saberes (PILARES), consiste en disminuir las desigualdades, violencia y generar tejido social en zonas de alta marginaci\u00f3n.<\/p>\n\n\n\n<p>La presidenta del Sistema Municipal DIF, Arisbeth Hern\u00e1ndez Lara, se reuni\u00f3 la ma\u00f1ana del pasado martes con padres de familia de la localidad de Mecatl\u00e1n, para explicarles el prop\u00f3sito y los beneficios de dicho programa.<\/p>\n\n\n\n<p>En el evento, estuvo acompa\u00f1ada por el representante delegacional del lugar y director del \u00e1rea municipal de PILARES, Miguel Bautista Hern\u00e1ndez, quienes posterior a darles pormenores del mismo, escucharon sugerencias de los padres de familia para una mejor implementaci\u00f3n en el sector poblacional.<\/p>\n\n\n\n<p>Es oportuno mencionar que, ambos funcionarios escucharon con suma atenci\u00f3n las propuestas y sugerencias de los padres de familia, asegurando que ser\u00e1n consideradas, ya que el motivo de la reuni\u00f3n tambi\u00e9n fue recabar opiniones para optimizar el programa.<\/p>\n\n\n\n<figure class=\"wp-block-image size-full\"><img fetchpriority=\"high\" decoding=\"async\" width=\"933\" height=\"524\" src=\"https:\/\/www.zunoticia.com\/noticias-de-hidalgo\/wp-content\/uploads\/2025\/01\/Zunoticia-Huejutla-1-188.png\" alt=\"\" class=\"wp-image-580743\"\/><\/figure>\n","protected":false},"excerpt":{"rendered":"<p>Por Salvador Altamirano\/Zunoticia Yahualica, Hgo.- El objetivo del programa denominado &#8220;Puntos de Innovaci\u00f3n, Libertad, Arte, Educaci\u00f3n y Saberes (PILARES), consiste en disminuir las desigualdades, violencia y generar tejido social en zonas de alta marginaci\u00f3n. La presidenta del Sistema Municipal DIF, Arisbeth Hern\u00e1ndez Lara, se reuni\u00f3 la ma\u00f1ana del pasado martes con padres de familia de&hellip; <a class=\"more-link\" href=\"https:\/\/www.zunoticia.com\/noticias-de-hidalgo\/2025\/01\/23\/titular-del-dif-municipal-se-reune-con-padres-de-familia-de-mecatlan\/\">Seguir leyendo <span class=\"screen-reader-text\">Titular del DIF municipal se re\u00fane con padres de familia de Mecatl\u00e1n<\/span><\/a><\/p>\n","protected":false},"author":20,"featured_media":580742,"comment_status":"open","ping_status":"open","sticky":false,"template":"","format":"standard","meta":{"rop_custom_images_group":[],"rop_custom_messages_group":[],"rop_publish_now":"initial","rop_publish_now_accounts":{"facebook_10159540855086992_322828327761733":""},"rop_publish_now_history":[],"rop_publish_now_status":"pending","footnotes":""},"categories":[179,203],"tags":[229,123],"class_list":["post-580741","post","type-post","status-publish","format-standard","has-post-thumbnail","hentry","category-huasteca","category-yahualica","tag-huasteca","tag-yahualica","entry"],"_links":{"self":[{"href":"https:\/\/www.zunoticia.com\/noticias-de-hidalgo\/wp-json\/wp\/v2\/posts\/580741","targetHints":{"allow":["GET"]}}],"collection":[{"href":"https:\/\/www.zunoticia.com\/noticias-de-hidalgo\/wp-json\/wp\/v2\/posts"}],"about":[{"href":"https:\/\/www.zunoticia.com\/noticias-de-hidalgo\/wp-json\/wp\/v2\/types\/post"}],"author":[{"embeddable":true,"href":"https:\/\/www.zunoticia.com\/noticias-de-hidalgo\/wp-json\/wp\/v2\/users\/20"}],"replies":[{"embeddable":true,"href":"https:\/\/www.zunoticia.com\/noticias-de-hidalgo\/wp-json\/wp\/v2\/comments?post=580741"}],"version-history":[{"count":1,"href":"https:\/\/www.zunoticia.com\/noticias-de-hidalgo\/wp-json\/wp\/v2\/posts\/580741\/revisions"}],"predecessor-version":[{"id":580744,"href":"https:\/\/www.zunoticia.com\/noticias-de-hidalgo\/wp-json\/wp\/v2\/posts\/580741\/revisions\/580744"}],"wp:featuredmedia":[{"embeddable":true,"href":"https:\/\/www.zunoticia.com\/noticias-de-hidalgo\/wp-json\/wp\/v2\/media\/580742"}],"wp:attachment":[{"href":"https:\/\/www.zunoticia.com\/noticias-de-hidalgo\/wp-json\/wp\/v2\/media?parent=580741"}],"wp:term":[{"taxonomy":"category","embeddable":true,"href":"https:\/\/www.zunoticia.com\/noticias-de-hidalgo\/wp-json\/wp\/v2\/categories?post=580741"},{"taxonomy":"post_tag","embeddable":true,"href":"https:\/\/www.zunoticia.com\/noticias-de-hidalgo\/wp-json\/wp\/v2\/tags?post=580741"}],"curies":[{"name":"wp","href":"https:\/\/api.w.org\/{rel}","templated":true}]}}