{"id":580782,"date":"2025-01-23T17:42:50","date_gmt":"2025-01-23T23:42:50","guid":{"rendered":"https:\/\/www.zunoticia.com\/noticias-de-hidalgo\/?p=580782"},"modified":"2025-01-23T17:42:52","modified_gmt":"2025-01-23T23:42:52","slug":"lesionados-en-salida-camino-y-choque","status":"publish","type":"post","link":"https:\/\/www.zunoticia.com\/noticias-de-hidalgo\/2025\/01\/23\/lesionados-en-salida-camino-y-choque\/","title":{"rendered":"Lesionados en salida camino y choque"},"content":{"rendered":"<aside class=\"mashsb-container mashsb-main mashsb-stretched\"><div class=\"mashsb-box\"><div class=\"mashsb-count mash-large\" style=\"float:left\"><div class=\"counts mashsbcount\">14<\/div><span class=\"mashsb-sharetext\">SHARES<\/span><\/div><div class=\"mashsb-buttons\"><a class=\"mashicon-facebook mash-large mash-center mashsb-noshadow\" href=\"https:\/\/www.facebook.com\/sharer.php?u=https%3A%2F%2Fwww.zunoticia.com%2Fnoticias-de-hidalgo%2F2025%2F01%2F23%2Flesionados-en-salida-camino-y-choque%2F\" target=\"_top\" rel=\"nofollow\"><span class=\"icon\"><\/span><span class=\"text\">Share<\/span><\/a><a class=\"mashicon-twitter mash-large mash-center mashsb-noshadow\" href=\"https:\/\/twitter.com\/intent\/tweet?text=&amp;url=https:\/\/www.zunoticia.com\/noticias-de-hidalgo\/2025\/01\/23\/lesionados-en-salida-camino-y-choque\/\" target=\"_top\" rel=\"nofollow\"><span class=\"icon\"><\/span><span class=\"text\">Tweet<\/span><\/a><div class=\"onoffswitch2 mash-large mashsb-noshadow\" style=\"display:none\"><\/div><\/div>\n            <\/div>\n                <div style=\"clear:both\"><\/div><div class=\"mashsb-toggle-container\"><\/div><\/aside>\n            <!-- Share buttons by mashshare.net - Version: 4.0.47-->\n<p><em>Por Roberto Ram\u00edrez \/Zunoticia<\/em><\/p>\n\n\n\n<p><strong>Huejutla, Hgo.<\/strong> &#8211; Varias personas lesionadas y da\u00f1os materiales dej\u00f3 la salida del camino y posterior choque, de una unidad motriz con el camell\u00f3n central de la v\u00eda federal M\u00e9xico-Tampico, en las Tres Huastecas.<\/p>\n\n\n\n<p>El accidente ocurri\u00f3 derivado del exceso de velocidad de un veh\u00edculo Chevrolet, el cual se sali\u00f3 del camino hasta terminar chocando con el camell\u00f3n central de esa carretera, dejando varias personas con lesiones menores.<\/p>\n\n\n\n<p>Al accidente llegaron param\u00e9dicos de la Cruz Roja de esta ciudad para auxiliar a los tripulantes de esa unidad, detect\u00e1ndoles lesiones menores, por lo que solo fueron atendidos en el lugar de los hechos. Al sitio tambi\u00e9n llegaron elementos de la Guardia Nacional Carreteras para intervenir en el hecho y ordenar el remolque del veh\u00edculo al corral\u00f3n.<\/p>\n","protected":false},"excerpt":{"rendered":"<p>Por Roberto Ram\u00edrez \/Zunoticia Huejutla, Hgo. &#8211; Varias personas lesionadas y da\u00f1os materiales dej\u00f3 la salida del camino y posterior choque, de una unidad motriz con el camell\u00f3n central de la v\u00eda federal M\u00e9xico-Tampico, en las Tres Huastecas. El accidente ocurri\u00f3 derivado del exceso de velocidad de un veh\u00edculo Chevrolet, el cual se sali\u00f3 del&hellip; <a class=\"more-link\" href=\"https:\/\/www.zunoticia.com\/noticias-de-hidalgo\/2025\/01\/23\/lesionados-en-salida-camino-y-choque\/\">Seguir leyendo <span class=\"screen-reader-text\">Lesionados en salida camino y choque<\/span><\/a><\/p>\n","protected":false},"author":20,"featured_media":580783,"comment_status":"open","ping_status":"open","sticky":false,"template":"","format":"standard","meta":{"rop_custom_images_group":[],"rop_custom_messages_group":[],"rop_publish_now":"initial","rop_publish_now_accounts":{"facebook_10159540855086992_322828327761733":""},"rop_publish_now_history":[],"rop_publish_now_status":"pending","footnotes":""},"categories":[178],"tags":[259],"class_list":["post-580782","post","type-post","status-publish","format-standard","has-post-thumbnail","hentry","category-policiaca","tag-policiaca","entry"],"_links":{"self":[{"href":"https:\/\/www.zunoticia.com\/noticias-de-hidalgo\/wp-json\/wp\/v2\/posts\/580782","targetHints":{"allow":["GET"]}}],"collection":[{"href":"https:\/\/www.zunoticia.com\/noticias-de-hidalgo\/wp-json\/wp\/v2\/posts"}],"about":[{"href":"https:\/\/www.zunoticia.com\/noticias-de-hidalgo\/wp-json\/wp\/v2\/types\/post"}],"author":[{"embeddable":true,"href":"https:\/\/www.zunoticia.com\/noticias-de-hidalgo\/wp-json\/wp\/v2\/users\/20"}],"replies":[{"embeddable":true,"href":"https:\/\/www.zunoticia.com\/noticias-de-hidalgo\/wp-json\/wp\/v2\/comments?post=580782"}],"version-history":[{"count":1,"href":"https:\/\/www.zunoticia.com\/noticias-de-hidalgo\/wp-json\/wp\/v2\/posts\/580782\/revisions"}],"predecessor-version":[{"id":580784,"href":"https:\/\/www.zunoticia.com\/noticias-de-hidalgo\/wp-json\/wp\/v2\/posts\/580782\/revisions\/580784"}],"wp:featuredmedia":[{"embeddable":true,"href":"https:\/\/www.zunoticia.com\/noticias-de-hidalgo\/wp-json\/wp\/v2\/media\/580783"}],"wp:attachment":[{"href":"https:\/\/www.zunoticia.com\/noticias-de-hidalgo\/wp-json\/wp\/v2\/media?parent=580782"}],"wp:term":[{"taxonomy":"category","embeddable":true,"href":"https:\/\/www.zunoticia.com\/noticias-de-hidalgo\/wp-json\/wp\/v2\/categories?post=580782"},{"taxonomy":"post_tag","embeddable":true,"href":"https:\/\/www.zunoticia.com\/noticias-de-hidalgo\/wp-json\/wp\/v2\/tags?post=580782"}],"curies":[{"name":"wp","href":"https:\/\/api.w.org\/{rel}","templated":true}]}}