{"id":581036,"date":"2025-01-26T12:17:52","date_gmt":"2025-01-26T18:17:52","guid":{"rendered":"https:\/\/www.zunoticia.com\/noticias-de-hidalgo\/?p=581036"},"modified":"2025-01-26T12:17:54","modified_gmt":"2025-01-26T18:17:54","slug":"emite-dif-municipal-convocatoria-para-solicitar-ayudas-funcionales","status":"publish","type":"post","link":"https:\/\/www.zunoticia.com\/noticias-de-hidalgo\/2025\/01\/26\/emite-dif-municipal-convocatoria-para-solicitar-ayudas-funcionales\/","title":{"rendered":"Emite DIF Municipal convocatoria para solicitar ayudas funcionales"},"content":{"rendered":"<aside class=\"mashsb-container mashsb-main mashsb-stretched\"><div class=\"mashsb-box\"><div class=\"mashsb-count mash-large\" style=\"float:left\"><div class=\"counts mashsbcount\">0<\/div><span class=\"mashsb-sharetext\">SHARES<\/span><\/div><div class=\"mashsb-buttons\"><a class=\"mashicon-facebook mash-large mash-center mashsb-noshadow\" href=\"https:\/\/www.facebook.com\/sharer.php?u=https%3A%2F%2Fwww.zunoticia.com%2Fnoticias-de-hidalgo%2F2025%2F01%2F26%2Femite-dif-municipal-convocatoria-para-solicitar-ayudas-funcionales%2F\" target=\"_top\" rel=\"nofollow\"><span class=\"icon\"><\/span><span class=\"text\">Share<\/span><\/a><a class=\"mashicon-twitter mash-large mash-center mashsb-noshadow\" href=\"https:\/\/twitter.com\/intent\/tweet?text=&amp;url=https:\/\/www.zunoticia.com\/noticias-de-hidalgo\/2025\/01\/26\/emite-dif-municipal-convocatoria-para-solicitar-ayudas-funcionales\/\" target=\"_top\" rel=\"nofollow\"><span class=\"icon\"><\/span><span class=\"text\">Tweet<\/span><\/a><div class=\"onoffswitch2 mash-large mashsb-noshadow\" style=\"display:none\"><\/div><\/div>\n            <\/div>\n                <div style=\"clear:both\"><\/div><div class=\"mashsb-toggle-container\"><\/div><\/aside>\n            <!-- Share buttons by mashshare.net - Version: 4.0.47-->\n<p><em>Por Salvador Altamirano\/Zunoticia<\/em><\/p>\n\n\n\n<p><strong>Yahualica, Hgo.-<\/strong> Considerando que los apoyos funcionales son recursos que ayudan a las personas con discapacidad a realizar actividades cotidianas, el Sistema DIF Municipal, que encabeza la E.E.Q, Arisbeth Hern\u00e1ndez Lara, emite la convocatoria para la donaci\u00f3n de estos.<\/p>\n\n\n\n<p>Especifica la convocatoria que se emite en coordinaci\u00f3n con el Patronato del Sistema DIF Estatal, que preside la licenciada Edda Vite Ramos, y el CRIT del Estado de Hidalgo, instancias de atenci\u00f3n a las personas de condici\u00f3n vulnerables.<\/p>\n\n\n<div class=\"wp-block-image\">\n<figure class=\"aligncenter size-full\"><img fetchpriority=\"high\" decoding=\"async\" width=\"720\" height=\"933\" src=\"https:\/\/www.zunoticia.com\/noticias-de-hidalgo\/wp-content\/uploads\/2025\/01\/eZy-Watermark_26-01-2025_11-53-11-0810a.m.jpg\" alt=\"\" class=\"wp-image-581039\"\/><\/figure>\n<\/div>\n\n\n<p>En el mismo contexto, se detalla que los aparatos funcionales existentes consisten en sillas de ruedas, bastones de un punto, bastones de cuatro puntos y andaderas, quienes est\u00e9n interesados pueden obtener \u00fanicamente presentando estos requisitos.<\/p>\n\n\n\n<p>Los cuales consisten en: copia del INE, CURP del interesado actualizada, dictamen m\u00e9dico en donde especifique el diagn\u00f3stico en caso de silla de ruedas (no mayor a tres meses), expedido por una dependencia p\u00fablica de salud y comprobante de domicilio, no mayor de tres meses.<\/p>\n\n\n\n<p>Para concluir, refiere la convocatoria que los requisitos se deben de presentar en las instalaciones del Sistema DIF Municipal en un horario de 08:30 a.m. a 4:30 p.m., de lunes a viernes, con fecha l\u00edmite 30 de enero de 2025.<\/p>\n","protected":false},"excerpt":{"rendered":"<p>Por Salvador Altamirano\/Zunoticia Yahualica, Hgo.- Considerando que los apoyos funcionales son recursos que ayudan a las personas con discapacidad a realizar actividades cotidianas, el Sistema DIF Municipal, que encabeza la E.E.Q, Arisbeth Hern\u00e1ndez Lara, emite la convocatoria para la donaci\u00f3n de estos. Especifica la convocatoria que se emite en coordinaci\u00f3n con el Patronato del Sistema&hellip; <a class=\"more-link\" href=\"https:\/\/www.zunoticia.com\/noticias-de-hidalgo\/2025\/01\/26\/emite-dif-municipal-convocatoria-para-solicitar-ayudas-funcionales\/\">Seguir leyendo <span class=\"screen-reader-text\">Emite DIF Municipal convocatoria para solicitar ayudas funcionales<\/span><\/a><\/p>\n","protected":false},"author":12,"featured_media":581038,"comment_status":"open","ping_status":"open","sticky":false,"template":"","format":"standard","meta":{"rop_custom_images_group":[],"rop_custom_messages_group":[],"rop_publish_now":"initial","rop_publish_now_accounts":{"facebook_10159540855086992_322828327761733":""},"rop_publish_now_history":[],"rop_publish_now_status":"pending","footnotes":""},"categories":[179,203],"tags":[123],"class_list":["post-581036","post","type-post","status-publish","format-standard","has-post-thumbnail","hentry","category-huasteca","category-yahualica","tag-yahualica","entry"],"_links":{"self":[{"href":"https:\/\/www.zunoticia.com\/noticias-de-hidalgo\/wp-json\/wp\/v2\/posts\/581036","targetHints":{"allow":["GET"]}}],"collection":[{"href":"https:\/\/www.zunoticia.com\/noticias-de-hidalgo\/wp-json\/wp\/v2\/posts"}],"about":[{"href":"https:\/\/www.zunoticia.com\/noticias-de-hidalgo\/wp-json\/wp\/v2\/types\/post"}],"author":[{"embeddable":true,"href":"https:\/\/www.zunoticia.com\/noticias-de-hidalgo\/wp-json\/wp\/v2\/users\/12"}],"replies":[{"embeddable":true,"href":"https:\/\/www.zunoticia.com\/noticias-de-hidalgo\/wp-json\/wp\/v2\/comments?post=581036"}],"version-history":[{"count":1,"href":"https:\/\/www.zunoticia.com\/noticias-de-hidalgo\/wp-json\/wp\/v2\/posts\/581036\/revisions"}],"predecessor-version":[{"id":581040,"href":"https:\/\/www.zunoticia.com\/noticias-de-hidalgo\/wp-json\/wp\/v2\/posts\/581036\/revisions\/581040"}],"wp:featuredmedia":[{"embeddable":true,"href":"https:\/\/www.zunoticia.com\/noticias-de-hidalgo\/wp-json\/wp\/v2\/media\/581038"}],"wp:attachment":[{"href":"https:\/\/www.zunoticia.com\/noticias-de-hidalgo\/wp-json\/wp\/v2\/media?parent=581036"}],"wp:term":[{"taxonomy":"category","embeddable":true,"href":"https:\/\/www.zunoticia.com\/noticias-de-hidalgo\/wp-json\/wp\/v2\/categories?post=581036"},{"taxonomy":"post_tag","embeddable":true,"href":"https:\/\/www.zunoticia.com\/noticias-de-hidalgo\/wp-json\/wp\/v2\/tags?post=581036"}],"curies":[{"name":"wp","href":"https:\/\/api.w.org\/{rel}","templated":true}]}}