{"id":581037,"date":"2025-01-26T13:57:24","date_gmt":"2025-01-26T19:57:24","guid":{"rendered":"https:\/\/www.zunoticia.com\/noticias-de-hidalgo\/?p=581037"},"modified":"2025-01-26T13:57:25","modified_gmt":"2025-01-26T19:57:25","slug":"la-discapacidad-no-representa-una-limitante-rubicel-hernandez","status":"publish","type":"post","link":"https:\/\/www.zunoticia.com\/noticias-de-hidalgo\/2025\/01\/26\/la-discapacidad-no-representa-una-limitante-rubicel-hernandez\/","title":{"rendered":"La discapacidad no representa una limitante: Rubicel Hern\u00e1ndez"},"content":{"rendered":"<aside class=\"mashsb-container mashsb-main mashsb-stretched\"><div class=\"mashsb-box\"><div class=\"mashsb-count mash-large\" style=\"float:left\"><div class=\"counts mashsbcount\">0<\/div><span class=\"mashsb-sharetext\">SHARES<\/span><\/div><div class=\"mashsb-buttons\"><a class=\"mashicon-facebook mash-large mash-center mashsb-noshadow\" href=\"https:\/\/www.facebook.com\/sharer.php?u=https%3A%2F%2Fwww.zunoticia.com%2Fnoticias-de-hidalgo%2F2025%2F01%2F26%2Fla-discapacidad-no-representa-una-limitante-rubicel-hernandez%2F\" target=\"_top\" rel=\"nofollow\"><span class=\"icon\"><\/span><span class=\"text\">Share<\/span><\/a><a class=\"mashicon-twitter mash-large mash-center mashsb-noshadow\" href=\"https:\/\/twitter.com\/intent\/tweet?text=&amp;url=https:\/\/www.zunoticia.com\/noticias-de-hidalgo\/2025\/01\/26\/la-discapacidad-no-representa-una-limitante-rubicel-hernandez\/\" target=\"_top\" rel=\"nofollow\"><span class=\"icon\"><\/span><span class=\"text\">Tweet<\/span><\/a><div class=\"onoffswitch2 mash-large mashsb-noshadow\" style=\"display:none\"><\/div><\/div>\n            <\/div>\n                <div style=\"clear:both\"><\/div><div class=\"mashsb-toggle-container\"><\/div><\/aside>\n            <!-- Share buttons by mashshare.net - Version: 4.0.47-->\n<p><em>Por Karen Rivera\/ Zunoticia<\/em><\/p>\n\n\n\n<p><strong>Huejutla de Reyes, Hgo.-<\/strong> La lucha constante por una mejor condici\u00f3n de vida es lo que impulsa al grupo de Vida Independiente M\u00e9xico &#8211; sede Huejutla a continuar enfrentando retos y obst\u00e1culos, manteni\u00e9ndose positivos y dispuestos a sobrevivir en un entorno hostil, pero, que sin duda, esto les ha ayudado a impulsarse.<\/p>\n\n\n\n<p>Recientemente, el representante de Vida Independiente M\u00e9xico &#8211; sede Huejutla, Rubicel Hern\u00e1ndez Garc\u00eda, mencion\u00f3 &#8220;Es grato ser parte de esta gran familia de &#8216;chuecos&#8217; como cari\u00f1osamente nos llamamos quienes convivimos con una discapacidad motriz, sin que esto pretenda ofender al sector de discapacidad&#8221;.<\/p>\n\n\n\n<p>&#8220;Hoy quiero felicitar a mis compa\u00f1eros de la Vida Independiente M\u00e9xico &#8211; Sede Huejutla por ese gran avance en su proceso de rehabilitaci\u00f3n y asimilaci\u00f3n de su nueva condici\u00f3n de vida. No cabe duda que, la discapacidad no representa una limitante cuando se tiene la firme convicci\u00f3n de salir adelante y hacer hasta lo imposible por recobrar la independencia y luchar por una mejor condici\u00f3n de vida&#8221;, cit\u00f3.<\/p>\n\n\n\n<p>En este entorno han encontrado la ayuda de profesionales, quienes les han brindado sus conocimientos para afrontar estos retos, por ello agradeci\u00f3 al fisioterapeuta David Alejandro, por la dedicaci\u00f3n y su apoyo solidario a esta Sede de Vida Independiente.<\/p>\n\n\n\n<p>&#8220;Gracias a mis compa\u00f1eros que se dieron la oportunidad de interiorizar la filosof\u00eda de una vida independiente y bajo esa misma filosof\u00eda luchar d\u00eda con d\u00eda por obtener peque\u00f1os logros&#8221; expres\u00f3.<\/p>\n\n\n\n<p>Refiri\u00f3 que, es necesaria la concientizaci\u00f3n y sensibilizaci\u00f3n de la ciudadan\u00eda y los gobiernos para que coadyuven a esta comunidad y las calles sean m\u00e1s apropiadas para ellos, sin embargo, con las t\u00e9cnicas apropiadas se anexan a una vida libre y sin dependencia.<\/p>\n\n\n\n<p>&#8220;Dominar las t\u00e9cnicas adecuadas para el uso y manejo de la silla de ruedas es garantizar en gran medida una vida libre y por qu\u00e9 no, una oportunidad para insertarnos en el mundo laboral&#8221;, coment\u00f3.<\/p>\n\n\n\n<p>&#8220;Por esta y muchas razones quiero felicitar a mis compa\u00f1eros por no decaer y seguir en el camino de su autonom\u00eda y compartir sus experiencias con la sociedad para que m\u00e1s personas que desafortunadamente se encuentran con una discapacidad motriz puedan salir y descubrir un nuevo mundo, donde la persona con discapacidad tiene cabida y derecho de coexistir&#8221;, puntualiz\u00f3.<\/p>\n","protected":false},"excerpt":{"rendered":"<p>Por Karen Rivera\/ Zunoticia Huejutla de Reyes, Hgo.- La lucha constante por una mejor condici\u00f3n de vida es lo que impulsa al grupo de Vida Independiente M\u00e9xico &#8211; sede Huejutla a continuar enfrentando retos y obst\u00e1culos, manteni\u00e9ndose positivos y dispuestos a sobrevivir en un entorno hostil, pero, que sin duda, esto les ha ayudado a&hellip; <a class=\"more-link\" href=\"https:\/\/www.zunoticia.com\/noticias-de-hidalgo\/2025\/01\/26\/la-discapacidad-no-representa-una-limitante-rubicel-hernandez\/\">Seguir leyendo <span class=\"screen-reader-text\">La discapacidad no representa una limitante: Rubicel Hern\u00e1ndez<\/span><\/a><\/p>\n","protected":false},"author":12,"featured_media":581044,"comment_status":"open","ping_status":"open","sticky":false,"template":"","format":"standard","meta":{"rop_custom_images_group":[],"rop_custom_messages_group":[],"rop_publish_now":"initial","rop_publish_now_accounts":{"facebook_10159540855086992_322828327761733":""},"rop_publish_now_history":[],"rop_publish_now_status":"pending","footnotes":""},"categories":[181],"tags":[121],"class_list":["post-581037","post","type-post","status-publish","format-standard","has-post-thumbnail","hentry","category-huejutla","tag-huejutla","entry"],"_links":{"self":[{"href":"https:\/\/www.zunoticia.com\/noticias-de-hidalgo\/wp-json\/wp\/v2\/posts\/581037","targetHints":{"allow":["GET"]}}],"collection":[{"href":"https:\/\/www.zunoticia.com\/noticias-de-hidalgo\/wp-json\/wp\/v2\/posts"}],"about":[{"href":"https:\/\/www.zunoticia.com\/noticias-de-hidalgo\/wp-json\/wp\/v2\/types\/post"}],"author":[{"embeddable":true,"href":"https:\/\/www.zunoticia.com\/noticias-de-hidalgo\/wp-json\/wp\/v2\/users\/12"}],"replies":[{"embeddable":true,"href":"https:\/\/www.zunoticia.com\/noticias-de-hidalgo\/wp-json\/wp\/v2\/comments?post=581037"}],"version-history":[{"count":1,"href":"https:\/\/www.zunoticia.com\/noticias-de-hidalgo\/wp-json\/wp\/v2\/posts\/581037\/revisions"}],"predecessor-version":[{"id":581047,"href":"https:\/\/www.zunoticia.com\/noticias-de-hidalgo\/wp-json\/wp\/v2\/posts\/581037\/revisions\/581047"}],"wp:featuredmedia":[{"embeddable":true,"href":"https:\/\/www.zunoticia.com\/noticias-de-hidalgo\/wp-json\/wp\/v2\/media\/581044"}],"wp:attachment":[{"href":"https:\/\/www.zunoticia.com\/noticias-de-hidalgo\/wp-json\/wp\/v2\/media?parent=581037"}],"wp:term":[{"taxonomy":"category","embeddable":true,"href":"https:\/\/www.zunoticia.com\/noticias-de-hidalgo\/wp-json\/wp\/v2\/categories?post=581037"},{"taxonomy":"post_tag","embeddable":true,"href":"https:\/\/www.zunoticia.com\/noticias-de-hidalgo\/wp-json\/wp\/v2\/tags?post=581037"}],"curies":[{"name":"wp","href":"https:\/\/api.w.org\/{rel}","templated":true}]}}