{"id":581046,"date":"2025-01-26T14:52:23","date_gmt":"2025-01-26T20:52:23","guid":{"rendered":"https:\/\/www.zunoticia.com\/noticias-de-hidalgo\/?p=581046"},"modified":"2025-01-26T18:16:44","modified_gmt":"2025-01-27T00:16:44","slug":"integrantes-del-h-cuerpo-de-bomberos-participaron-en-la-toma-de-protesta-de-nuevos-delegados","status":"publish","type":"post","link":"https:\/\/www.zunoticia.com\/noticias-de-hidalgo\/2025\/01\/26\/integrantes-del-h-cuerpo-de-bomberos-participaron-en-la-toma-de-protesta-de-nuevos-delegados\/","title":{"rendered":"Integrantes del H. Cuerpo de Bomberos participaron en la toma de protesta de nuevos delegados"},"content":{"rendered":"<aside class=\"mashsb-container mashsb-main mashsb-stretched\"><div class=\"mashsb-box\"><div class=\"mashsb-count mash-large\" style=\"float:left\"><div class=\"counts mashsbcount\">0<\/div><span class=\"mashsb-sharetext\">SHARES<\/span><\/div><div class=\"mashsb-buttons\"><a class=\"mashicon-facebook mash-large mash-center mashsb-noshadow\" href=\"https:\/\/www.facebook.com\/sharer.php?u=https%3A%2F%2Fwww.zunoticia.com%2Fnoticias-de-hidalgo%2F2025%2F01%2F26%2Fintegrantes-del-h-cuerpo-de-bomberos-participaron-en-la-toma-de-protesta-de-nuevos-delegados%2F\" target=\"_top\" rel=\"nofollow\"><span class=\"icon\"><\/span><span class=\"text\">Share<\/span><\/a><a class=\"mashicon-twitter mash-large mash-center mashsb-noshadow\" href=\"https:\/\/twitter.com\/intent\/tweet?text=&amp;url=https:\/\/www.zunoticia.com\/noticias-de-hidalgo\/2025\/01\/26\/integrantes-del-h-cuerpo-de-bomberos-participaron-en-la-toma-de-protesta-de-nuevos-delegados\/\" target=\"_top\" rel=\"nofollow\"><span class=\"icon\"><\/span><span class=\"text\">Tweet<\/span><\/a><div class=\"onoffswitch2 mash-large mashsb-noshadow\" style=\"display:none\"><\/div><\/div>\n            <\/div>\n                <div style=\"clear:both\"><\/div><div class=\"mashsb-toggle-container\"><\/div><\/aside>\n            <!-- Share buttons by mashshare.net - Version: 4.0.47-->\n<ul class=\"wp-block-list\">\n<li>As\u00ed como el Visitador de los DHEH.<\/li>\n<\/ul>\n\n\n\n<p><em>Por Salvador Altamirano\/Zunoticia<\/em><\/p>\n\n\n\n<p><strong>Atlapexco, Hgo.-<\/strong> El Alcalde, Juan de Dios Nochebuena Hern\u00e1ndez, llev\u00f3 a cabo el pasado jueves, en solemne evento, la toma de protesta y entrega de nombramientos a los nuevos delegados municipales de colonias de la cabecera y comunidades, elegidos para fungir en el 2025.<\/p>\n\n\n\n<p>Al evento, a invitaci\u00f3n expresa, que tuvo efecto a las 10:00 horas en las instalaciones del &#8220;Auditorio de Los Palillos&#8221;, acudieron integrantes del H. Cuerpo de Bomberos de Huejutla, as\u00ed como el Visitador Regional de los Derechos Humanos del Estado de Hidalgo (DHEH), \u00c1ngel Calixto.<\/p>\n\n\n\n<p>Al respecto, Carlos Francisco Hidalgo Contreras, instructor del H. Cuerpo de Bomberos, refiri\u00f3 que, su participaci\u00f3n se limit\u00f3 a impartir una capacitaci\u00f3n a los nuevos delegados con el tema de prevenci\u00f3n de incendios de parcelas.<\/p>\n\n\n\n<figure class=\"wp-block-image size-full\"><img fetchpriority=\"high\" decoding=\"async\" width=\"1600\" height=\"1200\" src=\"https:\/\/www.zunoticia.com\/noticias-de-hidalgo\/wp-content\/uploads\/2025\/01\/eZy-Watermark_26-01-2025_06-13-15-2770p.m.jpg\" alt=\"\" class=\"wp-image-581084\"\/><\/figure>\n\n\n\n<p>Agreg\u00f3 que, fue una instrucci\u00f3n te\u00f3rica, que cada a\u00f1o imparten a los nuevos delegados, ya que en sus comunidades en las actividades agr\u00edcolas utilizan el fuego, por lo que para prevenir incendios se les explic\u00f3 las medidas preventivas.<\/p>\n\n\n\n<p>Es oportuno mencionar que, al evento tambi\u00e9n asisti\u00f3 el Visitador Regional de los Derechos Humanos del Estado de Hidalgo (DHEH), con oficina sede en Huejutla, \u00c1ngel Calixto, quien, seg\u00fan comentarios de personas asistentes, abord\u00f3 el tema de &#8220;usos y costumbres&#8221;.<\/p>\n","protected":false},"excerpt":{"rendered":"<p>Por Salvador Altamirano\/Zunoticia Atlapexco, Hgo.- El Alcalde, Juan de Dios Nochebuena Hern\u00e1ndez, llev\u00f3 a cabo el pasado jueves, en solemne evento, la toma de protesta y entrega de nombramientos a los nuevos delegados municipales de colonias de la cabecera y comunidades, elegidos para fungir en el 2025. Al evento, a invitaci\u00f3n expresa, que tuvo efecto&hellip; <a class=\"more-link\" href=\"https:\/\/www.zunoticia.com\/noticias-de-hidalgo\/2025\/01\/26\/integrantes-del-h-cuerpo-de-bomberos-participaron-en-la-toma-de-protesta-de-nuevos-delegados\/\">Seguir leyendo <span class=\"screen-reader-text\">Integrantes del H. Cuerpo de Bomberos participaron en la toma de protesta de nuevos delegados<\/span><\/a><\/p>\n","protected":false},"author":12,"featured_media":581048,"comment_status":"open","ping_status":"open","sticky":false,"template":"","format":"standard","meta":{"rop_custom_images_group":[],"rop_custom_messages_group":[],"rop_publish_now":"initial","rop_publish_now_accounts":{"facebook_10159540855086992_322828327761733":""},"rop_publish_now_history":[],"rop_publish_now_status":"pending","footnotes":""},"categories":[182],"tags":[133],"class_list":["post-581046","post","type-post","status-publish","format-standard","has-post-thumbnail","hentry","category-atlapexco","tag-atlapexco","entry"],"_links":{"self":[{"href":"https:\/\/www.zunoticia.com\/noticias-de-hidalgo\/wp-json\/wp\/v2\/posts\/581046","targetHints":{"allow":["GET"]}}],"collection":[{"href":"https:\/\/www.zunoticia.com\/noticias-de-hidalgo\/wp-json\/wp\/v2\/posts"}],"about":[{"href":"https:\/\/www.zunoticia.com\/noticias-de-hidalgo\/wp-json\/wp\/v2\/types\/post"}],"author":[{"embeddable":true,"href":"https:\/\/www.zunoticia.com\/noticias-de-hidalgo\/wp-json\/wp\/v2\/users\/12"}],"replies":[{"embeddable":true,"href":"https:\/\/www.zunoticia.com\/noticias-de-hidalgo\/wp-json\/wp\/v2\/comments?post=581046"}],"version-history":[{"count":3,"href":"https:\/\/www.zunoticia.com\/noticias-de-hidalgo\/wp-json\/wp\/v2\/posts\/581046\/revisions"}],"predecessor-version":[{"id":581089,"href":"https:\/\/www.zunoticia.com\/noticias-de-hidalgo\/wp-json\/wp\/v2\/posts\/581046\/revisions\/581089"}],"wp:featuredmedia":[{"embeddable":true,"href":"https:\/\/www.zunoticia.com\/noticias-de-hidalgo\/wp-json\/wp\/v2\/media\/581048"}],"wp:attachment":[{"href":"https:\/\/www.zunoticia.com\/noticias-de-hidalgo\/wp-json\/wp\/v2\/media?parent=581046"}],"wp:term":[{"taxonomy":"category","embeddable":true,"href":"https:\/\/www.zunoticia.com\/noticias-de-hidalgo\/wp-json\/wp\/v2\/categories?post=581046"},{"taxonomy":"post_tag","embeddable":true,"href":"https:\/\/www.zunoticia.com\/noticias-de-hidalgo\/wp-json\/wp\/v2\/tags?post=581046"}],"curies":[{"name":"wp","href":"https:\/\/api.w.org\/{rel}","templated":true}]}}