{"id":581106,"date":"2025-01-26T23:20:32","date_gmt":"2025-01-27T05:20:32","guid":{"rendered":"https:\/\/www.zunoticia.com\/noticias-de-hidalgo\/?p=581106"},"modified":"2025-01-26T23:20:34","modified_gmt":"2025-01-27T05:20:34","slug":"localizan-a-menor-extraviado-en-la-zona-centro","status":"publish","type":"post","link":"https:\/\/www.zunoticia.com\/noticias-de-hidalgo\/2025\/01\/26\/localizan-a-menor-extraviado-en-la-zona-centro\/","title":{"rendered":"Localizan a menor extraviado en la zona centro"},"content":{"rendered":"<aside class=\"mashsb-container mashsb-main mashsb-stretched\"><div class=\"mashsb-box\"><div class=\"mashsb-count mash-large\" style=\"float:left\"><div class=\"counts mashsbcount\">0<\/div><span class=\"mashsb-sharetext\">SHARES<\/span><\/div><div class=\"mashsb-buttons\"><a class=\"mashicon-facebook mash-large mash-center mashsb-noshadow\" href=\"https:\/\/www.facebook.com\/sharer.php?u=https%3A%2F%2Fwww.zunoticia.com%2Fnoticias-de-hidalgo%2F2025%2F01%2F26%2Flocalizan-a-menor-extraviado-en-la-zona-centro%2F\" target=\"_top\" rel=\"nofollow\"><span class=\"icon\"><\/span><span class=\"text\">Share<\/span><\/a><a class=\"mashicon-twitter mash-large mash-center mashsb-noshadow\" href=\"https:\/\/twitter.com\/intent\/tweet?text=&amp;url=https:\/\/www.zunoticia.com\/noticias-de-hidalgo\/2025\/01\/26\/localizan-a-menor-extraviado-en-la-zona-centro\/\" target=\"_top\" rel=\"nofollow\"><span class=\"icon\"><\/span><span class=\"text\">Tweet<\/span><\/a><div class=\"onoffswitch2 mash-large mashsb-noshadow\" style=\"display:none\"><\/div><\/div>\n            <\/div>\n                <div style=\"clear:both\"><\/div><div class=\"mashsb-toggle-container\"><\/div><\/aside>\n            <!-- Share buttons by mashshare.net - Version: 4.0.47-->\n<p><em>Redacci\u00f3n\/Zunoticia<\/em><\/p>\n\n\n\n<p><strong>Huejutla, Hgo.-<\/strong> Un menor de edad fue localizado por elementos de Seguridad P\u00fablica tras ser reportado como extraviado cerca del Mercado Municipal, mismo que se encontraba sano y salvo y fue entregado a sus familiares.<\/p>\n\n\n\n<p>El reporte se gener\u00f3 la ma\u00f1ana de este domingo por parte de una madre de familia quien se encontraba realizando sus compras en la zona del mercado, cerca de la tienda Netos, en donde perdi\u00f3 de vista a su hijo de cinco a\u00f1os, por lo que tras buscarlo por varios minutos y no poder localizarlo pidi\u00f3 el apoyo de la polic\u00eda municipal.<\/p>\n\n\n\n<p>Debido a esto se realiz\u00f3 una movilizaci\u00f3n de elementos polic\u00edacos y de voluntarios a trav\u00e9s de las redes sociales, difundiendo su fotograf\u00eda, y dando su descripci\u00f3n mismo que portaba playera amarilla, pantal\u00f3n azul, y tenis de color blanco.<\/p>\n\n\n\n<p>Gracias a esto se pudo localizar al menor, quien se encontraba en la plaza del reloj, mismo que fue entregado a sus familiares y se verific\u00f3 que se no presentaba lesiones de ninguna clase, solamente el susto moment\u00e1neo.<\/p>\n\n\n\n<p><\/p>\n","protected":false},"excerpt":{"rendered":"<p>Redacci\u00f3n\/Zunoticia Huejutla, Hgo.- Un menor de edad fue localizado por elementos de Seguridad P\u00fablica tras ser reportado como extraviado cerca del Mercado Municipal, mismo que se encontraba sano y salvo y fue entregado a sus familiares. El reporte se gener\u00f3 la ma\u00f1ana de este domingo por parte de una madre de familia quien se encontraba&hellip; <a class=\"more-link\" href=\"https:\/\/www.zunoticia.com\/noticias-de-hidalgo\/2025\/01\/26\/localizan-a-menor-extraviado-en-la-zona-centro\/\">Seguir leyendo <span class=\"screen-reader-text\">Localizan a menor extraviado en la zona centro<\/span><\/a><\/p>\n","protected":false},"author":13,"featured_media":581107,"comment_status":"open","ping_status":"open","sticky":false,"template":"","format":"standard","meta":{"rop_custom_images_group":[],"rop_custom_messages_group":[],"rop_publish_now":"initial","rop_publish_now_accounts":{"facebook_10159540855086992_322828327761733":""},"rop_publish_now_history":[],"rop_publish_now_status":"pending","footnotes":""},"categories":[178],"tags":[121,259],"class_list":["post-581106","post","type-post","status-publish","format-standard","has-post-thumbnail","hentry","category-policiaca","tag-huejutla","tag-policiaca","entry"],"_links":{"self":[{"href":"https:\/\/www.zunoticia.com\/noticias-de-hidalgo\/wp-json\/wp\/v2\/posts\/581106","targetHints":{"allow":["GET"]}}],"collection":[{"href":"https:\/\/www.zunoticia.com\/noticias-de-hidalgo\/wp-json\/wp\/v2\/posts"}],"about":[{"href":"https:\/\/www.zunoticia.com\/noticias-de-hidalgo\/wp-json\/wp\/v2\/types\/post"}],"author":[{"embeddable":true,"href":"https:\/\/www.zunoticia.com\/noticias-de-hidalgo\/wp-json\/wp\/v2\/users\/13"}],"replies":[{"embeddable":true,"href":"https:\/\/www.zunoticia.com\/noticias-de-hidalgo\/wp-json\/wp\/v2\/comments?post=581106"}],"version-history":[{"count":1,"href":"https:\/\/www.zunoticia.com\/noticias-de-hidalgo\/wp-json\/wp\/v2\/posts\/581106\/revisions"}],"predecessor-version":[{"id":581109,"href":"https:\/\/www.zunoticia.com\/noticias-de-hidalgo\/wp-json\/wp\/v2\/posts\/581106\/revisions\/581109"}],"wp:featuredmedia":[{"embeddable":true,"href":"https:\/\/www.zunoticia.com\/noticias-de-hidalgo\/wp-json\/wp\/v2\/media\/581107"}],"wp:attachment":[{"href":"https:\/\/www.zunoticia.com\/noticias-de-hidalgo\/wp-json\/wp\/v2\/media?parent=581106"}],"wp:term":[{"taxonomy":"category","embeddable":true,"href":"https:\/\/www.zunoticia.com\/noticias-de-hidalgo\/wp-json\/wp\/v2\/categories?post=581106"},{"taxonomy":"post_tag","embeddable":true,"href":"https:\/\/www.zunoticia.com\/noticias-de-hidalgo\/wp-json\/wp\/v2\/tags?post=581106"}],"curies":[{"name":"wp","href":"https:\/\/api.w.org\/{rel}","templated":true}]}}