{"id":581112,"date":"2025-01-26T23:39:10","date_gmt":"2025-01-27T05:39:10","guid":{"rendered":"https:\/\/www.zunoticia.com\/noticias-de-hidalgo\/?p=581112"},"modified":"2025-01-26T23:39:11","modified_gmt":"2025-01-27T05:39:11","slug":"espejeando-por-perseo-huasteca-108","status":"publish","type":"post","link":"https:\/\/www.zunoticia.com\/noticias-de-hidalgo\/2025\/01\/26\/espejeando-por-perseo-huasteca-108\/","title":{"rendered":"Espejeando Por Perseo Huasteca"},"content":{"rendered":"<aside class=\"mashsb-container mashsb-main mashsb-stretched\"><div class=\"mashsb-box\"><div class=\"mashsb-count mash-large\" style=\"float:left\"><div class=\"counts mashsbcount\">0<\/div><span class=\"mashsb-sharetext\">SHARES<\/span><\/div><div class=\"mashsb-buttons\"><a class=\"mashicon-facebook mash-large mash-center mashsb-noshadow\" href=\"https:\/\/www.facebook.com\/sharer.php?u=https%3A%2F%2Fwww.zunoticia.com%2Fnoticias-de-hidalgo%2F2025%2F01%2F26%2Fespejeando-por-perseo-huasteca-108%2F\" target=\"_top\" rel=\"nofollow\"><span class=\"icon\"><\/span><span class=\"text\">Share<\/span><\/a><a class=\"mashicon-twitter mash-large mash-center mashsb-noshadow\" href=\"https:\/\/twitter.com\/intent\/tweet?text=&amp;url=https:\/\/www.zunoticia.com\/noticias-de-hidalgo\/2025\/01\/26\/espejeando-por-perseo-huasteca-108\/\" target=\"_top\" rel=\"nofollow\"><span class=\"icon\"><\/span><span class=\"text\">Tweet<\/span><\/a><div class=\"onoffswitch2 mash-large mashsb-noshadow\" style=\"display:none\"><\/div><\/div>\n            <\/div>\n                <div style=\"clear:both\"><\/div><div class=\"mashsb-toggle-container\"><\/div><\/aside>\n            <!-- Share buttons by mashshare.net - Version: 4.0.47-->\n<p>\u2022 TRAS EL INICIO de las deportaciones masivas de migrantes latinos en Estados Unidos, el Partido Morena en el estado de Hidalgo emiti\u00f3 un comunicado en el que brinda el respaldo a la presidenta de la rep\u00fablica Claudia Sheinbaum, para poner en marcha los programas sociales para apoyar a los repa-triados mediante el lema \u201cM\u00e9xico te abraza\u201d, a trav\u00e9s del cual se ofrece trabajo y otro tipo de recur-sos.<\/p>\n\n\n\n<p>\u2022 Sin duda esto representa una afectaci\u00f3n importante en cuanto a las econom\u00edas locales que depen-den de la gran cantidad de personas que se encuentran en la Uni\u00f3n Americana trabajando y enviando remesas, al grado que han sostenido por muchos a\u00f1os el circulante en los comercios peque\u00f1os y hasta obra privada.<\/p>\n\n\n\n<p>\u2022 Pero aunado a esto, con las medidas dr\u00e1sticas impuestas y la gran cantidad de centroamericanos y sudamericanos que se encuentran en tr\u00e1nsito en el pa\u00eds con destino hacia el norte, seguramente bus-car\u00e1n en donde acomodarse, algo que se ha podido observar cada d\u00eda m\u00e1s ya que se encuentran en la calle pidiendo ayuda para poder alimentarse o seguir su camino.<\/p>\n\n\n\n<p>\u2022 Esto ha causado que se implementen m\u00e1s operativos de detecci\u00f3n en el estado, como se pudo ob-servar en d\u00edas pasados en la capital, en donde elementos de la Polic\u00eda Estatal han estado realizando revisiones de documentaci\u00f3n de quienes transitan sobre la carretera, una medida que ha despertado opiniones tanto a favor como en contra.<\/p>\n\n\n\n<p>\u2022 Sin embargo esto tambi\u00e9n ha permitido que se obtengan resultados en otros aspectos como los ope-rativos contra el huachicoleo, ya que de manera reciente se han detectado m\u00e1s veh\u00edculos que trans-portan combustible de manera ilegal, as\u00ed como tambi\u00e9n otro tipo de sustancias.<\/p>\n\n\n\n<p>\u2022 AL ACERCARSE el cierre del mes de enero, ya se ha comenzado a pedir informaci\u00f3n sobre la realiza-ci\u00f3n del carnaval, aunque la direcci\u00f3n de turismo ya hab\u00eda adelantado que se habr\u00e1n de tener festivi-dades para fomentar el turismo, y sobre todo manteniendo la misma l\u00ednea de recuperar la esencia de los festivales con la participaci\u00f3n de algunos grupos ciudadanos, que permita proyectar a los talentos locales.<\/p>\n\n\n\n<p>\u2022 En esto tambi\u00e9n se ha buscado que el sector econ\u00f3mico, sobre todo el gastron\u00f3mico se involucre m\u00e1s en participar, al igual que las instituciones educativas, ya que durante la realizaci\u00f3n de la feria se tuvo buena respuesta pero faltaron algunas m\u00e1s por integrarse.<\/p>\n","protected":false},"excerpt":{"rendered":"<p>\u2022 TRAS EL INICIO de las deportaciones masivas de migrantes latinos en Estados Unidos, el Partido Morena en el estado de Hidalgo emiti\u00f3 un comunicado en el que brinda el respaldo a la presidenta de la rep\u00fablica Claudia Sheinbaum, para poner en marcha los programas sociales para apoyar a los repa-triados mediante el lema \u201cM\u00e9xico&hellip; <a class=\"more-link\" href=\"https:\/\/www.zunoticia.com\/noticias-de-hidalgo\/2025\/01\/26\/espejeando-por-perseo-huasteca-108\/\">Seguir leyendo <span class=\"screen-reader-text\">Espejeando Por Perseo Huasteca<\/span><\/a><\/p>\n","protected":false},"author":13,"featured_media":581113,"comment_status":"open","ping_status":"open","sticky":false,"template":"","format":"standard","meta":{"rop_custom_images_group":[],"rop_custom_messages_group":[],"rop_publish_now":"initial","rop_publish_now_accounts":{"facebook_10159540855086992_322828327761733":""},"rop_publish_now_history":[],"rop_publish_now_status":"pending","footnotes":""},"categories":[176],"tags":[205],"class_list":["post-581112","post","type-post","status-publish","format-standard","has-post-thumbnail","hentry","category-espejeando","tag-espejeando","entry"],"_links":{"self":[{"href":"https:\/\/www.zunoticia.com\/noticias-de-hidalgo\/wp-json\/wp\/v2\/posts\/581112","targetHints":{"allow":["GET"]}}],"collection":[{"href":"https:\/\/www.zunoticia.com\/noticias-de-hidalgo\/wp-json\/wp\/v2\/posts"}],"about":[{"href":"https:\/\/www.zunoticia.com\/noticias-de-hidalgo\/wp-json\/wp\/v2\/types\/post"}],"author":[{"embeddable":true,"href":"https:\/\/www.zunoticia.com\/noticias-de-hidalgo\/wp-json\/wp\/v2\/users\/13"}],"replies":[{"embeddable":true,"href":"https:\/\/www.zunoticia.com\/noticias-de-hidalgo\/wp-json\/wp\/v2\/comments?post=581112"}],"version-history":[{"count":1,"href":"https:\/\/www.zunoticia.com\/noticias-de-hidalgo\/wp-json\/wp\/v2\/posts\/581112\/revisions"}],"predecessor-version":[{"id":581114,"href":"https:\/\/www.zunoticia.com\/noticias-de-hidalgo\/wp-json\/wp\/v2\/posts\/581112\/revisions\/581114"}],"wp:featuredmedia":[{"embeddable":true,"href":"https:\/\/www.zunoticia.com\/noticias-de-hidalgo\/wp-json\/wp\/v2\/media\/581113"}],"wp:attachment":[{"href":"https:\/\/www.zunoticia.com\/noticias-de-hidalgo\/wp-json\/wp\/v2\/media?parent=581112"}],"wp:term":[{"taxonomy":"category","embeddable":true,"href":"https:\/\/www.zunoticia.com\/noticias-de-hidalgo\/wp-json\/wp\/v2\/categories?post=581112"},{"taxonomy":"post_tag","embeddable":true,"href":"https:\/\/www.zunoticia.com\/noticias-de-hidalgo\/wp-json\/wp\/v2\/tags?post=581112"}],"curies":[{"name":"wp","href":"https:\/\/api.w.org\/{rel}","templated":true}]}}