{"id":582246,"date":"2025-02-06T12:10:39","date_gmt":"2025-02-06T18:10:39","guid":{"rendered":"https:\/\/www.zunoticia.com\/noticias-de-hidalgo\/?p=582246"},"modified":"2025-02-06T12:10:41","modified_gmt":"2025-02-06T18:10:41","slug":"primera-insaculacion-del-ine-por-el-proceso-electoral-extraordinaria-del-pjf","status":"publish","type":"post","link":"https:\/\/www.zunoticia.com\/noticias-de-hidalgo\/2025\/02\/06\/primera-insaculacion-del-ine-por-el-proceso-electoral-extraordinaria-del-pjf\/","title":{"rendered":"Primera insaculaci\u00f3n del INE por el Proceso Electoral extraordinaria del PJF"},"content":{"rendered":"<aside class=\"mashsb-container mashsb-main mashsb-stretched\"><div class=\"mashsb-box\"><div class=\"mashsb-count mash-large\" style=\"float:left\"><div class=\"counts mashsbcount\">0<\/div><span class=\"mashsb-sharetext\">SHARES<\/span><\/div><div class=\"mashsb-buttons\"><a class=\"mashicon-facebook mash-large mash-center mashsb-noshadow\" href=\"https:\/\/www.facebook.com\/sharer.php?u=https%3A%2F%2Fwww.zunoticia.com%2Fnoticias-de-hidalgo%2F2025%2F02%2F06%2Fprimera-insaculacion-del-ine-por-el-proceso-electoral-extraordinaria-del-pjf%2F\" target=\"_top\" rel=\"nofollow\"><span class=\"icon\"><\/span><span class=\"text\">Share<\/span><\/a><a class=\"mashicon-twitter mash-large mash-center mashsb-noshadow\" href=\"https:\/\/twitter.com\/intent\/tweet?text=&amp;url=https:\/\/www.zunoticia.com\/noticias-de-hidalgo\/2025\/02\/06\/primera-insaculacion-del-ine-por-el-proceso-electoral-extraordinaria-del-pjf\/\" target=\"_top\" rel=\"nofollow\"><span class=\"icon\"><\/span><span class=\"text\">Tweet<\/span><\/a><div class=\"onoffswitch2 mash-large mashsb-noshadow\" style=\"display:none\"><\/div><\/div>\n            <\/div>\n                <div style=\"clear:both\"><\/div><div class=\"mashsb-toggle-container\"><\/div><\/aside>\n            <!-- Share buttons by mashshare.net - Version: 4.0.47-->\n<p><em>Por Enedino Hern\u00e1ndez Alonso\/Zunoticia<\/em><\/p>\n\n\n\n<p><strong>Huejutla, Hgo.-<\/strong> En sesi\u00f3n extraordinaria realizada durante este jueves 6 de febrero, el 01 Consejo Distrital del Instituto Nacional Electoral (INE) en Huejutla, llev\u00f3 a cabo la Primera insaculaci\u00f3n por el Proceso Electoral extraordinaria del Poder Judicial de la Federaci\u00f3n 2024-2025.<\/p>\n\n\n\n<p>Primeramente, se analiz\u00f3 la aprobaci\u00f3n, en su caso del proyecto de acta de la sesi\u00f3n extraordinaria del 28 de enero del 2025; luego el informe de la Vocal\u00eda de Organizaci\u00f3n Electoral sobre el procedimiento de acreditaci\u00f3n de personas observadoras electorales; adem\u00e1s, se brind\u00f3 el seguimiento al desarrollo del Proceso de la Primera Insaculaci\u00f3n equivalente al 13% de la ciudadan\u00eda de cada secci\u00f3n electoral, por parte de la 01 Junta Distrital Ejecutiva del INE.<\/p>\n\n\n\n<p>M\u00e1s adelante, se dio el informe de la Vocal\u00eda de Organizaci\u00f3n Electoral, sobre el procedimiento para la determinaci\u00f3n y ubicaci\u00f3n de casillas, la programaci\u00f3n y avance de recorridos a realizarse por las secciones del Distrito, para la localizaci\u00f3n de lugares que cumplan con los requisitos de ley para la ubicaci\u00f3n de las mismas.<\/p>\n\n\n\n<p>Informe de la Vocal\u00eda de Capacitaci\u00f3n Electoral y Educaci\u00f3n C\u00edvica sobre la ocupaci\u00f3n de vacantes de Supervisoras\/es Electorales y Capacitadoras\/es-Asistentes Electorales del Proceso Electoral Extraordinario para la elecci\u00f3n de diversos cargos del Poder Judicial de la Federaci\u00f3n 2024-2025.<\/p>\n\n\n\n<p>Asimismo, el Informe de la Vocal\u00eda del Registro Federal de Electores sobre el avance de la Campa\u00f1a de Actualizaci\u00f3n del Padr\u00f3n Electoral en el marco del Proceso Electoral Extraordinario para la elecci\u00f3n de diversos cargos del Poder Judicial de la Federaci\u00f3n 2024-2025; inscripci\u00f3n al Padr\u00f3n Electoral de las y los j\u00f3venes mexicanos que cumplir\u00e1n 18 a\u00f1os entre el 20 de noviembre de 2024 y el d\u00eda de la elecci\u00f3n inclusive.<\/p>\n\n\n\n<p>Adem\u00e1s, se inform\u00f3 sobre la exclusi\u00f3n de registros al Padr\u00f3n Electoral por defunci\u00f3n, suspensi\u00f3n y duplicidad, en el marco del Proceso Electoral Extraordinario para la elecci\u00f3n de diversos cargos del Poder Judicial de la Federaci\u00f3n 2024-2025.<\/p>\n","protected":false},"excerpt":{"rendered":"<p>Por Enedino Hern\u00e1ndez Alonso\/Zunoticia Huejutla, Hgo.- En sesi\u00f3n extraordinaria realizada durante este jueves 6 de febrero, el 01 Consejo Distrital del Instituto Nacional Electoral (INE) en Huejutla, llev\u00f3 a cabo la Primera insaculaci\u00f3n por el Proceso Electoral extraordinaria del Poder Judicial de la Federaci\u00f3n 2024-2025. Primeramente, se analiz\u00f3 la aprobaci\u00f3n, en su caso del proyecto&hellip; <a class=\"more-link\" href=\"https:\/\/www.zunoticia.com\/noticias-de-hidalgo\/2025\/02\/06\/primera-insaculacion-del-ine-por-el-proceso-electoral-extraordinaria-del-pjf\/\">Seguir leyendo <span class=\"screen-reader-text\">Primera insaculaci\u00f3n del INE por el Proceso Electoral extraordinaria del PJF<\/span><\/a><\/p>\n","protected":false},"author":20,"featured_media":582247,"comment_status":"open","ping_status":"open","sticky":false,"template":"","format":"standard","meta":{"rop_custom_images_group":[],"rop_custom_messages_group":[],"rop_publish_now":"initial","rop_publish_now_accounts":{"facebook_10159540855086992_322828327761733":""},"rop_publish_now_history":[],"rop_publish_now_status":"pending","footnotes":""},"categories":[181],"tags":[121],"class_list":["post-582246","post","type-post","status-publish","format-standard","has-post-thumbnail","hentry","category-huejutla","tag-huejutla","entry"],"_links":{"self":[{"href":"https:\/\/www.zunoticia.com\/noticias-de-hidalgo\/wp-json\/wp\/v2\/posts\/582246","targetHints":{"allow":["GET"]}}],"collection":[{"href":"https:\/\/www.zunoticia.com\/noticias-de-hidalgo\/wp-json\/wp\/v2\/posts"}],"about":[{"href":"https:\/\/www.zunoticia.com\/noticias-de-hidalgo\/wp-json\/wp\/v2\/types\/post"}],"author":[{"embeddable":true,"href":"https:\/\/www.zunoticia.com\/noticias-de-hidalgo\/wp-json\/wp\/v2\/users\/20"}],"replies":[{"embeddable":true,"href":"https:\/\/www.zunoticia.com\/noticias-de-hidalgo\/wp-json\/wp\/v2\/comments?post=582246"}],"version-history":[{"count":1,"href":"https:\/\/www.zunoticia.com\/noticias-de-hidalgo\/wp-json\/wp\/v2\/posts\/582246\/revisions"}],"predecessor-version":[{"id":582248,"href":"https:\/\/www.zunoticia.com\/noticias-de-hidalgo\/wp-json\/wp\/v2\/posts\/582246\/revisions\/582248"}],"wp:featuredmedia":[{"embeddable":true,"href":"https:\/\/www.zunoticia.com\/noticias-de-hidalgo\/wp-json\/wp\/v2\/media\/582247"}],"wp:attachment":[{"href":"https:\/\/www.zunoticia.com\/noticias-de-hidalgo\/wp-json\/wp\/v2\/media?parent=582246"}],"wp:term":[{"taxonomy":"category","embeddable":true,"href":"https:\/\/www.zunoticia.com\/noticias-de-hidalgo\/wp-json\/wp\/v2\/categories?post=582246"},{"taxonomy":"post_tag","embeddable":true,"href":"https:\/\/www.zunoticia.com\/noticias-de-hidalgo\/wp-json\/wp\/v2\/tags?post=582246"}],"curies":[{"name":"wp","href":"https:\/\/api.w.org\/{rel}","templated":true}]}}