{"id":582270,"date":"2025-02-06T14:34:14","date_gmt":"2025-02-06T20:34:14","guid":{"rendered":"https:\/\/www.zunoticia.com\/noticias-de-hidalgo\/?p=582270"},"modified":"2025-02-06T14:34:16","modified_gmt":"2025-02-06T20:34:16","slug":"entrega-de-ayudas-tecnicas-dif-hidalgo","status":"publish","type":"post","link":"https:\/\/www.zunoticia.com\/noticias-de-hidalgo\/2025\/02\/06\/entrega-de-ayudas-tecnicas-dif-hidalgo\/","title":{"rendered":"Entrega de ayudas t\u00e9cnicas DIF Hidalgo"},"content":{"rendered":"<aside class=\"mashsb-container mashsb-main mashsb-stretched\"><div class=\"mashsb-box\"><div class=\"mashsb-count mash-large\" style=\"float:left\"><div class=\"counts mashsbcount\">0<\/div><span class=\"mashsb-sharetext\">SHARES<\/span><\/div><div class=\"mashsb-buttons\"><a class=\"mashicon-facebook mash-large mash-center mashsb-noshadow\" href=\"https:\/\/www.facebook.com\/sharer.php?u=https%3A%2F%2Fwww.zunoticia.com%2Fnoticias-de-hidalgo%2F2025%2F02%2F06%2Fentrega-de-ayudas-tecnicas-dif-hidalgo%2F\" target=\"_top\" rel=\"nofollow\"><span class=\"icon\"><\/span><span class=\"text\">Share<\/span><\/a><a class=\"mashicon-twitter mash-large mash-center mashsb-noshadow\" href=\"https:\/\/twitter.com\/intent\/tweet?text=&amp;url=https:\/\/www.zunoticia.com\/noticias-de-hidalgo\/2025\/02\/06\/entrega-de-ayudas-tecnicas-dif-hidalgo\/\" target=\"_top\" rel=\"nofollow\"><span class=\"icon\"><\/span><span class=\"text\">Tweet<\/span><\/a><div class=\"onoffswitch2 mash-large mashsb-noshadow\" style=\"display:none\"><\/div><\/div>\n            <\/div>\n                <div style=\"clear:both\"><\/div><div class=\"mashsb-toggle-container\"><\/div><\/aside>\n            <!-- Share buttons by mashshare.net - Version: 4.0.47-->\n<p><em>Por Redacci\u00f3n\/Zunoticia<\/em><\/p>\n\n\n\n<p><strong>Huejutla, Hgo.-<\/strong> El Sistema DIF Huejutla y DIF Hidalgo&nbsp; reafirman el compromiso de trabajar en unidad para garantizar una mejor calidad de vida a las personas con discapacidad.<\/p>\n\n\n\n<p>De esta manera, este mi\u00e9rcoles en las instalaciones del DIF Huejutla, en representaci\u00f3n de la Lic. Edda Vite Ramos, presidenta del Patronato DIF Hidalgo, el Maestro Ricardo Alvizo, director del DIF Estatal; acompa\u00f1ado del presidente municipal Alfredo San Rom\u00e1n Duval y la Dra. Kristel Rodr\u00edguez Flores, presidenta del SMDIF; la C.P. Karla Elizabeth Sosa Hern\u00e1ndez, directora; la Enf. Rosalba Ram\u00edrez Vera, subdirectora y la jefa de Oficina del \u00e1rea de Proyectos Asistenciales Kelyn Adonaly Flores Monta\u00f1o, entregaron 9 ayudas t\u00e9cnicas de movilidad, entre ellas 7 sillas de ruedas y 2 andaderas con el objetivo de ayudar la movilidad de las personas beneficiadas.<\/p>\n\n\n\n<figure class=\"wp-block-gallery has-nested-images columns-default is-cropped wp-block-gallery-1 is-layout-flex wp-block-gallery-is-layout-flex\">\n<figure class=\"wp-block-image size-large\"><img fetchpriority=\"high\" decoding=\"async\" width=\"933\" height=\"524\" data-id=\"582272\" src=\"https:\/\/www.zunoticia.com\/noticias-de-hidalgo\/wp-content\/uploads\/2025\/02\/Zunoticia-Huejutla-2-8.png\" alt=\"\" class=\"wp-image-582272\"\/><\/figure>\n\n\n\n<figure class=\"wp-block-image size-large\"><img decoding=\"async\" width=\"933\" height=\"524\" data-id=\"582273\" src=\"https:\/\/www.zunoticia.com\/noticias-de-hidalgo\/wp-content\/uploads\/2025\/02\/Zunoticia-Huejutla-1-39.png\" alt=\"\" class=\"wp-image-582273\"\/><\/figure>\n<\/figure>\n","protected":false},"excerpt":{"rendered":"<p>Por Redacci\u00f3n\/Zunoticia Huejutla, Hgo.- El Sistema DIF Huejutla y DIF Hidalgo&nbsp; reafirman el compromiso de trabajar en unidad para garantizar una mejor calidad de vida a las personas con discapacidad. De esta manera, este mi\u00e9rcoles en las instalaciones del DIF Huejutla, en representaci\u00f3n de la Lic. Edda Vite Ramos, presidenta del Patronato DIF Hidalgo, el&hellip; <a class=\"more-link\" href=\"https:\/\/www.zunoticia.com\/noticias-de-hidalgo\/2025\/02\/06\/entrega-de-ayudas-tecnicas-dif-hidalgo\/\">Seguir leyendo <span class=\"screen-reader-text\">Entrega de ayudas t\u00e9cnicas DIF Hidalgo<\/span><\/a><\/p>\n","protected":false},"author":20,"featured_media":582271,"comment_status":"open","ping_status":"open","sticky":false,"template":"","format":"standard","meta":{"rop_custom_images_group":[],"rop_custom_messages_group":[],"rop_publish_now":"initial","rop_publish_now_accounts":{"facebook_10159540855086992_322828327761733":""},"rop_publish_now_history":[],"rop_publish_now_status":"pending","footnotes":""},"categories":[181],"tags":[121],"class_list":["post-582270","post","type-post","status-publish","format-standard","has-post-thumbnail","hentry","category-huejutla","tag-huejutla","entry"],"_links":{"self":[{"href":"https:\/\/www.zunoticia.com\/noticias-de-hidalgo\/wp-json\/wp\/v2\/posts\/582270","targetHints":{"allow":["GET"]}}],"collection":[{"href":"https:\/\/www.zunoticia.com\/noticias-de-hidalgo\/wp-json\/wp\/v2\/posts"}],"about":[{"href":"https:\/\/www.zunoticia.com\/noticias-de-hidalgo\/wp-json\/wp\/v2\/types\/post"}],"author":[{"embeddable":true,"href":"https:\/\/www.zunoticia.com\/noticias-de-hidalgo\/wp-json\/wp\/v2\/users\/20"}],"replies":[{"embeddable":true,"href":"https:\/\/www.zunoticia.com\/noticias-de-hidalgo\/wp-json\/wp\/v2\/comments?post=582270"}],"version-history":[{"count":1,"href":"https:\/\/www.zunoticia.com\/noticias-de-hidalgo\/wp-json\/wp\/v2\/posts\/582270\/revisions"}],"predecessor-version":[{"id":582274,"href":"https:\/\/www.zunoticia.com\/noticias-de-hidalgo\/wp-json\/wp\/v2\/posts\/582270\/revisions\/582274"}],"wp:featuredmedia":[{"embeddable":true,"href":"https:\/\/www.zunoticia.com\/noticias-de-hidalgo\/wp-json\/wp\/v2\/media\/582271"}],"wp:attachment":[{"href":"https:\/\/www.zunoticia.com\/noticias-de-hidalgo\/wp-json\/wp\/v2\/media?parent=582270"}],"wp:term":[{"taxonomy":"category","embeddable":true,"href":"https:\/\/www.zunoticia.com\/noticias-de-hidalgo\/wp-json\/wp\/v2\/categories?post=582270"},{"taxonomy":"post_tag","embeddable":true,"href":"https:\/\/www.zunoticia.com\/noticias-de-hidalgo\/wp-json\/wp\/v2\/tags?post=582270"}],"curies":[{"name":"wp","href":"https:\/\/api.w.org\/{rel}","templated":true}]}}