{"id":582317,"date":"2025-02-06T17:50:31","date_gmt":"2025-02-06T23:50:31","guid":{"rendered":"https:\/\/www.zunoticia.com\/noticias-de-hidalgo\/?p=582317"},"modified":"2025-02-06T17:50:33","modified_gmt":"2025-02-06T23:50:33","slug":"amplia-ine-horario-de-atencion-en-modulo-fijo-de-atencion-ciudadana","status":"publish","type":"post","link":"https:\/\/www.zunoticia.com\/noticias-de-hidalgo\/2025\/02\/06\/amplia-ine-horario-de-atencion-en-modulo-fijo-de-atencion-ciudadana\/","title":{"rendered":"Ampl\u00eda INE horario de atenci\u00f3n en Modulo Fijo de Atenci\u00f3n Ciudadana"},"content":{"rendered":"<aside class=\"mashsb-container mashsb-main mashsb-stretched\"><div class=\"mashsb-box\"><div class=\"mashsb-count mash-large\" style=\"float:left\"><div class=\"counts mashsbcount\">0<\/div><span class=\"mashsb-sharetext\">SHARES<\/span><\/div><div class=\"mashsb-buttons\"><a class=\"mashicon-facebook mash-large mash-center mashsb-noshadow\" href=\"https:\/\/www.facebook.com\/sharer.php?u=https%3A%2F%2Fwww.zunoticia.com%2Fnoticias-de-hidalgo%2F2025%2F02%2F06%2Famplia-ine-horario-de-atencion-en-modulo-fijo-de-atencion-ciudadana%2F\" target=\"_top\" rel=\"nofollow\"><span class=\"icon\"><\/span><span class=\"text\">Share<\/span><\/a><a class=\"mashicon-twitter mash-large mash-center mashsb-noshadow\" href=\"https:\/\/twitter.com\/intent\/tweet?text=&amp;url=https:\/\/www.zunoticia.com\/noticias-de-hidalgo\/2025\/02\/06\/amplia-ine-horario-de-atencion-en-modulo-fijo-de-atencion-ciudadana\/\" target=\"_top\" rel=\"nofollow\"><span class=\"icon\"><\/span><span class=\"text\">Tweet<\/span><\/a><div class=\"onoffswitch2 mash-large mashsb-noshadow\" style=\"display:none\"><\/div><\/div>\n            <\/div>\n                <div style=\"clear:both\"><\/div><div class=\"mashsb-toggle-container\"><\/div><\/aside>\n            <!-- Share buttons by mashshare.net - Version: 4.0.47-->\n<p><em>Por Enedino Hern\u00e1ndez Alonso\/Zunoticia<\/em><\/p>\n\n\n\n<p><strong>Huejutla, Hgo.-<\/strong> El vocal del Registro Federal de Electores del INE en Huejutla, Vicente Rodr\u00edguez, confirm\u00f3 que, desde este d\u00eda se ampl\u00eda el horario de atenci\u00f3n en el M\u00f3dulo Fijo de Atenci\u00f3n Ciudadana, ubicado en esta ciudad de Huejutla de Reyes.<\/p>\n\n\n\n<p>Explic\u00f3 que, durante los d\u00edas jueves, viernes, s\u00e1bado y domingo, el M\u00f3dulo Fijo de Atenci\u00f3n Ciudadana del INE en Huejutla atiende de 08:00 a las 16:00 horas, cuatro de la tarde; esto significa que se ampl\u00eda una hora m\u00e1s de atenci\u00f3n a los ciudadanos, pues anteriormente se daba servicio de 08:00 a las 3:00 de la tarde.<\/p>\n\n\n\n<p>Expuso que, se ampl\u00eda el horario de atenci\u00f3n para darle la oportunidad a la ciudadan\u00eda que por alguna raz\u00f3n sale tarde de su trabajo, para que pueda acudir ante el M\u00f3dulo a tramitar la credencial de elector.<\/p>\n\n\n\n<p>Dijo que, el lunes 10 de febrero es el cierre del periodo de actualizaci\u00f3n al Padr\u00f3n Electoral, por lo que se atender\u00e1 desde las 08:00 de la ma\u00f1ana hasta que se brinde la atenci\u00f3n a todos los ciudadanos que acudan para hacer el tr\u00e1mite; por lo que se pide un poco de paciencia pues ese d\u00eda se espera una buena cantidad de ciudadanos.<\/p>\n\n\n\n<p>Subray\u00f3 que, los ciudadanos, quienes vayan a recoger la credencial o hacer una reposici\u00f3n de la misma pueden hacerlo posteriormente, el lunes es el \u00faltimo d\u00eda para la actualizaci\u00f3n, correcci\u00f3n de datos, cambio de domicilio, correcci\u00f3n de domicilio e inscripci\u00f3n.<\/p>\n\n\n\n<p>Concluy\u00f3 que, los j\u00f3venes que cumplen 18 a\u00f1os como m\u00e1ximo el primero de junio pueden pasar al M\u00f3dulo para hacer su tr\u00e1mite de manera anticipada, para lo cual deben de llevar en original el acta de nacimiento, comprobante de domicilio y una identificaci\u00f3n oficial con fotograf\u00eda.<\/p>\n","protected":false},"excerpt":{"rendered":"<p>Por Enedino Hern\u00e1ndez Alonso\/Zunoticia Huejutla, Hgo.- El vocal del Registro Federal de Electores del INE en Huejutla, Vicente Rodr\u00edguez, confirm\u00f3 que, desde este d\u00eda se ampl\u00eda el horario de atenci\u00f3n en el M\u00f3dulo Fijo de Atenci\u00f3n Ciudadana, ubicado en esta ciudad de Huejutla de Reyes. Explic\u00f3 que, durante los d\u00edas jueves, viernes, s\u00e1bado y domingo,&hellip; <a class=\"more-link\" href=\"https:\/\/www.zunoticia.com\/noticias-de-hidalgo\/2025\/02\/06\/amplia-ine-horario-de-atencion-en-modulo-fijo-de-atencion-ciudadana\/\">Seguir leyendo <span class=\"screen-reader-text\">Ampl\u00eda INE horario de atenci\u00f3n en Modulo Fijo de Atenci\u00f3n Ciudadana<\/span><\/a><\/p>\n","protected":false},"author":20,"featured_media":582318,"comment_status":"open","ping_status":"open","sticky":false,"template":"","format":"standard","meta":{"rop_custom_images_group":[],"rop_custom_messages_group":[],"rop_publish_now":"initial","rop_publish_now_accounts":{"facebook_10159540855086992_322828327761733":""},"rop_publish_now_history":[],"rop_publish_now_status":"pending","footnotes":""},"categories":[181],"tags":[121],"class_list":["post-582317","post","type-post","status-publish","format-standard","has-post-thumbnail","hentry","category-huejutla","tag-huejutla","entry"],"_links":{"self":[{"href":"https:\/\/www.zunoticia.com\/noticias-de-hidalgo\/wp-json\/wp\/v2\/posts\/582317","targetHints":{"allow":["GET"]}}],"collection":[{"href":"https:\/\/www.zunoticia.com\/noticias-de-hidalgo\/wp-json\/wp\/v2\/posts"}],"about":[{"href":"https:\/\/www.zunoticia.com\/noticias-de-hidalgo\/wp-json\/wp\/v2\/types\/post"}],"author":[{"embeddable":true,"href":"https:\/\/www.zunoticia.com\/noticias-de-hidalgo\/wp-json\/wp\/v2\/users\/20"}],"replies":[{"embeddable":true,"href":"https:\/\/www.zunoticia.com\/noticias-de-hidalgo\/wp-json\/wp\/v2\/comments?post=582317"}],"version-history":[{"count":1,"href":"https:\/\/www.zunoticia.com\/noticias-de-hidalgo\/wp-json\/wp\/v2\/posts\/582317\/revisions"}],"predecessor-version":[{"id":582319,"href":"https:\/\/www.zunoticia.com\/noticias-de-hidalgo\/wp-json\/wp\/v2\/posts\/582317\/revisions\/582319"}],"wp:featuredmedia":[{"embeddable":true,"href":"https:\/\/www.zunoticia.com\/noticias-de-hidalgo\/wp-json\/wp\/v2\/media\/582318"}],"wp:attachment":[{"href":"https:\/\/www.zunoticia.com\/noticias-de-hidalgo\/wp-json\/wp\/v2\/media?parent=582317"}],"wp:term":[{"taxonomy":"category","embeddable":true,"href":"https:\/\/www.zunoticia.com\/noticias-de-hidalgo\/wp-json\/wp\/v2\/categories?post=582317"},{"taxonomy":"post_tag","embeddable":true,"href":"https:\/\/www.zunoticia.com\/noticias-de-hidalgo\/wp-json\/wp\/v2\/tags?post=582317"}],"curies":[{"name":"wp","href":"https:\/\/api.w.org\/{rel}","templated":true}]}}