{"id":582474,"date":"2025-02-08T10:22:45","date_gmt":"2025-02-08T16:22:45","guid":{"rendered":"https:\/\/www.zunoticia.com\/noticias-de-hidalgo\/?p=582474"},"modified":"2025-02-08T10:22:46","modified_gmt":"2025-02-08T16:22:46","slug":"participan-se-y-caes-en-reunion-previo-a-la-primera-etapa-de-capacitacion-a-insaculados","status":"publish","type":"post","link":"https:\/\/www.zunoticia.com\/noticias-de-hidalgo\/2025\/02\/08\/participan-se-y-caes-en-reunion-previo-a-la-primera-etapa-de-capacitacion-a-insaculados\/","title":{"rendered":"Participan SE y CAEs en reuni\u00f3n previo a la primera etapa de capacitaci\u00f3n a insaculados"},"content":{"rendered":"<aside class=\"mashsb-container mashsb-main mashsb-stretched\"><div class=\"mashsb-box\"><div class=\"mashsb-count mash-large\" style=\"float:left\"><div class=\"counts mashsbcount\">0<\/div><span class=\"mashsb-sharetext\">SHARES<\/span><\/div><div class=\"mashsb-buttons\"><a class=\"mashicon-facebook mash-large mash-center mashsb-noshadow\" href=\"https:\/\/www.facebook.com\/sharer.php?u=https%3A%2F%2Fwww.zunoticia.com%2Fnoticias-de-hidalgo%2F2025%2F02%2F08%2Fparticipan-se-y-caes-en-reunion-previo-a-la-primera-etapa-de-capacitacion-a-insaculados%2F\" target=\"_top\" rel=\"nofollow\"><span class=\"icon\"><\/span><span class=\"text\">Share<\/span><\/a><a class=\"mashicon-twitter mash-large mash-center mashsb-noshadow\" href=\"https:\/\/twitter.com\/intent\/tweet?text=&amp;url=https:\/\/www.zunoticia.com\/noticias-de-hidalgo\/2025\/02\/08\/participan-se-y-caes-en-reunion-previo-a-la-primera-etapa-de-capacitacion-a-insaculados\/\" target=\"_top\" rel=\"nofollow\"><span class=\"icon\"><\/span><span class=\"text\">Tweet<\/span><\/a><div class=\"onoffswitch2 mash-large mashsb-noshadow\" style=\"display:none\"><\/div><\/div>\n            <\/div>\n                <div style=\"clear:both\"><\/div><div class=\"mashsb-toggle-container\"><\/div><\/aside>\n            <!-- Share buttons by mashshare.net - Version: 4.0.47-->\n<p><em>Por Enedino Hern\u00e1ndez Alonso\/Zunoticia<\/em><\/p>\n\n\n\n<p><strong>Huejutla, Hidalgo. &#8211;<\/strong> Previo a la primera etapa de visitas y de capacitaci\u00f3n a los ciudadanos quienes fueron recientemente insaculados, durante este fin de semana en la 01 Junta Distrital del Instituto Nacional Electoral se llev\u00f3 a cabo una reuni\u00f3n de trabajo en esta ciudad de Huejutla de Reyes.<\/p>\n\n\n\n<p>La reuni\u00f3n de trabajo fue con los Supervisores Electorales y Capacitadores Asistentes Electorales a quienes se les brindaron las indicaciones correspondientes sobre las actividades que realizar\u00e1n durante el periodo de la primera etapa de capacitaci\u00f3n.<\/p>\n\n\n\n<figure class=\"wp-block-image size-full\"><img fetchpriority=\"high\" decoding=\"async\" width=\"1080\" height=\"810\" src=\"https:\/\/www.zunoticia.com\/noticias-de-hidalgo\/wp-content\/uploads\/2025\/02\/Capacitacion-a-insaculados-2.jpeg\" alt=\"\" class=\"wp-image-582476\"\/><\/figure>\n\n\n\n<p>Estos preparativos se llevan a cabo en la 01 Junta Distrital del INE en Huejutla de Reyes con motivo del proceso electoral extraordinario de diversos cargos del Poder Judicial de la Federaci\u00f3n 2024-205.<\/p>\n\n\n\n<p>Es importante se\u00f1alar que de acuerdo con la lista nominal en 01 Distrito Federal se tiene integrados a 336, 791 ciudadanos, de los cuales el 13% fueron insaculados, mismos que ser\u00e1n visitados y capacitados por parte de los Supervisores Electorales y Capacitadores Asistentes Electorales.<\/p>\n\n\n\n<figure class=\"wp-block-image size-full\"><img decoding=\"async\" width=\"1080\" height=\"810\" src=\"https:\/\/www.zunoticia.com\/noticias-de-hidalgo\/wp-content\/uploads\/2025\/02\/Capacitacion-a-insaculados-3.jpeg\" alt=\"\" class=\"wp-image-582477\"\/><\/figure>\n","protected":false},"excerpt":{"rendered":"<p>Por Enedino Hern\u00e1ndez Alonso\/Zunoticia Huejutla, Hidalgo. &#8211; Previo a la primera etapa de visitas y de capacitaci\u00f3n a los ciudadanos quienes fueron recientemente insaculados, durante este fin de semana en la 01 Junta Distrital del Instituto Nacional Electoral se llev\u00f3 a cabo una reuni\u00f3n de trabajo en esta ciudad de Huejutla de Reyes. La reuni\u00f3n&hellip; <a class=\"more-link\" href=\"https:\/\/www.zunoticia.com\/noticias-de-hidalgo\/2025\/02\/08\/participan-se-y-caes-en-reunion-previo-a-la-primera-etapa-de-capacitacion-a-insaculados\/\">Seguir leyendo <span class=\"screen-reader-text\">Participan SE y CAEs en reuni\u00f3n previo a la primera etapa de capacitaci\u00f3n a insaculados<\/span><\/a><\/p>\n","protected":false},"author":23,"featured_media":582475,"comment_status":"open","ping_status":"open","sticky":false,"template":"","format":"standard","meta":{"rop_custom_images_group":[],"rop_custom_messages_group":[],"rop_publish_now":"initial","rop_publish_now_accounts":{"facebook_10159540855086992_322828327761733":""},"rop_publish_now_history":[],"rop_publish_now_status":"pending","footnotes":""},"categories":[181],"tags":[121],"class_list":["post-582474","post","type-post","status-publish","format-standard","has-post-thumbnail","hentry","category-huejutla","tag-huejutla","entry"],"_links":{"self":[{"href":"https:\/\/www.zunoticia.com\/noticias-de-hidalgo\/wp-json\/wp\/v2\/posts\/582474","targetHints":{"allow":["GET"]}}],"collection":[{"href":"https:\/\/www.zunoticia.com\/noticias-de-hidalgo\/wp-json\/wp\/v2\/posts"}],"about":[{"href":"https:\/\/www.zunoticia.com\/noticias-de-hidalgo\/wp-json\/wp\/v2\/types\/post"}],"author":[{"embeddable":true,"href":"https:\/\/www.zunoticia.com\/noticias-de-hidalgo\/wp-json\/wp\/v2\/users\/23"}],"replies":[{"embeddable":true,"href":"https:\/\/www.zunoticia.com\/noticias-de-hidalgo\/wp-json\/wp\/v2\/comments?post=582474"}],"version-history":[{"count":1,"href":"https:\/\/www.zunoticia.com\/noticias-de-hidalgo\/wp-json\/wp\/v2\/posts\/582474\/revisions"}],"predecessor-version":[{"id":582478,"href":"https:\/\/www.zunoticia.com\/noticias-de-hidalgo\/wp-json\/wp\/v2\/posts\/582474\/revisions\/582478"}],"wp:featuredmedia":[{"embeddable":true,"href":"https:\/\/www.zunoticia.com\/noticias-de-hidalgo\/wp-json\/wp\/v2\/media\/582475"}],"wp:attachment":[{"href":"https:\/\/www.zunoticia.com\/noticias-de-hidalgo\/wp-json\/wp\/v2\/media?parent=582474"}],"wp:term":[{"taxonomy":"category","embeddable":true,"href":"https:\/\/www.zunoticia.com\/noticias-de-hidalgo\/wp-json\/wp\/v2\/categories?post=582474"},{"taxonomy":"post_tag","embeddable":true,"href":"https:\/\/www.zunoticia.com\/noticias-de-hidalgo\/wp-json\/wp\/v2\/tags?post=582474"}],"curies":[{"name":"wp","href":"https:\/\/api.w.org\/{rel}","templated":true}]}}