{"id":582479,"date":"2025-02-08T11:03:10","date_gmt":"2025-02-08T17:03:10","guid":{"rendered":"https:\/\/www.zunoticia.com\/noticias-de-hidalgo\/?p=582479"},"modified":"2025-02-08T11:03:12","modified_gmt":"2025-02-08T17:03:12","slug":"procuraduria-agraria-prepara-centros-integradores-de-atencion-a-nucleos-agrarios","status":"publish","type":"post","link":"https:\/\/www.zunoticia.com\/noticias-de-hidalgo\/2025\/02\/08\/procuraduria-agraria-prepara-centros-integradores-de-atencion-a-nucleos-agrarios\/","title":{"rendered":"Procuradur\u00eda Agraria prepara centros integradores de atenci\u00f3n a n\u00facleos agrarios"},"content":{"rendered":"<aside class=\"mashsb-container mashsb-main mashsb-stretched\"><div class=\"mashsb-box\"><div class=\"mashsb-count mash-large\" style=\"float:left\"><div class=\"counts mashsbcount\">0<\/div><span class=\"mashsb-sharetext\">SHARES<\/span><\/div><div class=\"mashsb-buttons\"><a class=\"mashicon-facebook mash-large mash-center mashsb-noshadow\" href=\"https:\/\/www.facebook.com\/sharer.php?u=https%3A%2F%2Fwww.zunoticia.com%2Fnoticias-de-hidalgo%2F2025%2F02%2F08%2Fprocuraduria-agraria-prepara-centros-integradores-de-atencion-a-nucleos-agrarios%2F\" target=\"_top\" rel=\"nofollow\"><span class=\"icon\"><\/span><span class=\"text\">Share<\/span><\/a><a class=\"mashicon-twitter mash-large mash-center mashsb-noshadow\" href=\"https:\/\/twitter.com\/intent\/tweet?text=&amp;url=https:\/\/www.zunoticia.com\/noticias-de-hidalgo\/2025\/02\/08\/procuraduria-agraria-prepara-centros-integradores-de-atencion-a-nucleos-agrarios\/\" target=\"_top\" rel=\"nofollow\"><span class=\"icon\"><\/span><span class=\"text\">Tweet<\/span><\/a><div class=\"onoffswitch2 mash-large mashsb-noshadow\" style=\"display:none\"><\/div><\/div>\n            <\/div>\n                <div style=\"clear:both\"><\/div><div class=\"mashsb-toggle-container\"><\/div><\/aside>\n            <!-- Share buttons by mashshare.net - Version: 4.0.47-->\n<p><em>Por Enedino Hern\u00e1ndez Alonso\/Zunoticia<\/em><\/p>\n\n\n\n<p><strong>Huejutla, Hidalgo. &#8211;<\/strong> Con la finalidad de brindar una atenci\u00f3n m\u00e1s cercana a los n\u00facleos agrarios, a nivel nacional se forman de manera estrat\u00e9gica los Centros Integradores de atenci\u00f3n a n\u00facleos agrarios, as\u00ed lo se\u00f1ala el residente de la Procuradur\u00eda Agraria en Huejutla, Octavio Ju\u00e1rez Castillo.<\/p>\n\n\n\n<p>Explica que este modelo se implementa mediante los m\u00f3dulos de atenci\u00f3n y es para que durante la \u00faltima semana de cada mes acuda un visitador, un jefe de residencia, as\u00ed como abogados agrarios para dar asesor\u00eda a los n\u00facleos agrarios que as\u00ed lo requieren.<\/p>\n\n\n\n<p>Abunda que al momento a\u00fan no se definen en donde van a quedar o ubicar estos Centros integradores, pero se tiene como propuesta por ejemplo a Molango en donde se atender\u00eda un promedio de 50 n\u00facleos agrarios de aquellos municipios cercanos, y as\u00ed se ir\u00e1n implementando otros espacios.<\/p>\n\n\n\n<p>Asimismo, dijo que la residencia de la Procuradur\u00eda Agraria en Huejutla atiende un total de 17 municipios, por lo que se trata de que estos municipios sean oportunamente atendidos, sobre todo que se busca acercar la asesor\u00eda lo m\u00e1s cerca posible, para que los sujetos agrarios no tengan que trasladarse m\u00e1s lejos.<\/p>\n\n\n\n<p>Octavio Ju\u00e1rez Castillo, concluye que se busca la estrategia para formar estos Centros integradores y acercar lo m\u00e1s que se pueda la asesor\u00eda a los n\u00facleos agrarios.<\/p>\n","protected":false},"excerpt":{"rendered":"<p>Por Enedino Hern\u00e1ndez Alonso\/Zunoticia Huejutla, Hidalgo. &#8211; Con la finalidad de brindar una atenci\u00f3n m\u00e1s cercana a los n\u00facleos agrarios, a nivel nacional se forman de manera estrat\u00e9gica los Centros Integradores de atenci\u00f3n a n\u00facleos agrarios, as\u00ed lo se\u00f1ala el residente de la Procuradur\u00eda Agraria en Huejutla, Octavio Ju\u00e1rez Castillo. Explica que este modelo se&hellip; <a class=\"more-link\" href=\"https:\/\/www.zunoticia.com\/noticias-de-hidalgo\/2025\/02\/08\/procuraduria-agraria-prepara-centros-integradores-de-atencion-a-nucleos-agrarios\/\">Seguir leyendo <span class=\"screen-reader-text\">Procuradur\u00eda Agraria prepara centros integradores de atenci\u00f3n a n\u00facleos agrarios<\/span><\/a><\/p>\n","protected":false},"author":23,"featured_media":582480,"comment_status":"open","ping_status":"open","sticky":false,"template":"","format":"standard","meta":{"rop_custom_images_group":[],"rop_custom_messages_group":[],"rop_publish_now":"initial","rop_publish_now_accounts":{"facebook_10159540855086992_322828327761733":""},"rop_publish_now_history":[],"rop_publish_now_status":"pending","footnotes":""},"categories":[181],"tags":[121],"class_list":["post-582479","post","type-post","status-publish","format-standard","has-post-thumbnail","hentry","category-huejutla","tag-huejutla","entry"],"_links":{"self":[{"href":"https:\/\/www.zunoticia.com\/noticias-de-hidalgo\/wp-json\/wp\/v2\/posts\/582479","targetHints":{"allow":["GET"]}}],"collection":[{"href":"https:\/\/www.zunoticia.com\/noticias-de-hidalgo\/wp-json\/wp\/v2\/posts"}],"about":[{"href":"https:\/\/www.zunoticia.com\/noticias-de-hidalgo\/wp-json\/wp\/v2\/types\/post"}],"author":[{"embeddable":true,"href":"https:\/\/www.zunoticia.com\/noticias-de-hidalgo\/wp-json\/wp\/v2\/users\/23"}],"replies":[{"embeddable":true,"href":"https:\/\/www.zunoticia.com\/noticias-de-hidalgo\/wp-json\/wp\/v2\/comments?post=582479"}],"version-history":[{"count":1,"href":"https:\/\/www.zunoticia.com\/noticias-de-hidalgo\/wp-json\/wp\/v2\/posts\/582479\/revisions"}],"predecessor-version":[{"id":582481,"href":"https:\/\/www.zunoticia.com\/noticias-de-hidalgo\/wp-json\/wp\/v2\/posts\/582479\/revisions\/582481"}],"wp:featuredmedia":[{"embeddable":true,"href":"https:\/\/www.zunoticia.com\/noticias-de-hidalgo\/wp-json\/wp\/v2\/media\/582480"}],"wp:attachment":[{"href":"https:\/\/www.zunoticia.com\/noticias-de-hidalgo\/wp-json\/wp\/v2\/media?parent=582479"}],"wp:term":[{"taxonomy":"category","embeddable":true,"href":"https:\/\/www.zunoticia.com\/noticias-de-hidalgo\/wp-json\/wp\/v2\/categories?post=582479"},{"taxonomy":"post_tag","embeddable":true,"href":"https:\/\/www.zunoticia.com\/noticias-de-hidalgo\/wp-json\/wp\/v2\/tags?post=582479"}],"curies":[{"name":"wp","href":"https:\/\/api.w.org\/{rel}","templated":true}]}}