{"id":582485,"date":"2025-02-08T12:32:02","date_gmt":"2025-02-08T18:32:02","guid":{"rendered":"https:\/\/www.zunoticia.com\/noticias-de-hidalgo\/?p=582485"},"modified":"2025-02-08T12:32:04","modified_gmt":"2025-02-08T18:32:04","slug":"espera-sector-empresarial-mejorar-actividad-comercial","status":"publish","type":"post","link":"https:\/\/www.zunoticia.com\/noticias-de-hidalgo\/2025\/02\/08\/espera-sector-empresarial-mejorar-actividad-comercial\/","title":{"rendered":"Espera Sector Empresarial mejorar actividad comercial"},"content":{"rendered":"<aside class=\"mashsb-container mashsb-main mashsb-stretched\"><div class=\"mashsb-box\"><div class=\"mashsb-count mash-large\" style=\"float:left\"><div class=\"counts mashsbcount\">0<\/div><span class=\"mashsb-sharetext\">SHARES<\/span><\/div><div class=\"mashsb-buttons\"><a class=\"mashicon-facebook mash-large mash-center mashsb-noshadow\" href=\"https:\/\/www.facebook.com\/sharer.php?u=https%3A%2F%2Fwww.zunoticia.com%2Fnoticias-de-hidalgo%2F2025%2F02%2F08%2Fespera-sector-empresarial-mejorar-actividad-comercial%2F\" target=\"_top\" rel=\"nofollow\"><span class=\"icon\"><\/span><span class=\"text\">Share<\/span><\/a><a class=\"mashicon-twitter mash-large mash-center mashsb-noshadow\" href=\"https:\/\/twitter.com\/intent\/tweet?text=&amp;url=https:\/\/www.zunoticia.com\/noticias-de-hidalgo\/2025\/02\/08\/espera-sector-empresarial-mejorar-actividad-comercial\/\" target=\"_top\" rel=\"nofollow\"><span class=\"icon\"><\/span><span class=\"text\">Tweet<\/span><\/a><div class=\"onoffswitch2 mash-large mashsb-noshadow\" style=\"display:none\"><\/div><\/div>\n            <\/div>\n                <div style=\"clear:both\"><\/div><div class=\"mashsb-toggle-container\"><\/div><\/aside>\n            <!-- Share buttons by mashshare.net - Version: 4.0.47-->\n<p><em>Por Enedino Hern\u00e1ndez Alonso\/Zunoticia<\/em><\/p>\n\n\n\n<p><strong>Huejutla, Hgo<\/strong> &#8211; El representante del Sector Empresarial en Huejutla, Luis Enrique Camargo, detall\u00f3 que, los comerciantes y empresarios de Huejutla esperan mejorar la actividad comercial durante este mes de febrero, ya que como todos saben en la &#8216;Cuesta de enero&#8217; estuvieron un poco bajas las ventas.<\/p>\n\n\n\n<p>Explic\u00f3 que, en este mes se tiene una de las fechas importantes que podr\u00eda favorecer parte de la actividad comercial como lo es el 14 de febrero, d\u00eda del amor y la amistad, cuando se esperan mayores ventas en los productos de temporada.<\/p>\n\n\n\n<p>Subray\u00f3 que, en ese d\u00eda se espera un incremento en la actividad comercial principalmente en los restaurantes, tiendas de regalos, tiendas de ropa, zapater\u00edas y todo esto viene de cierta manera a fortalecer un poco las ventas para con ello alcanzar una buena derrama econ\u00f3mica.<\/p>\n\n\n\n<p>Abund\u00f3 que, es en el d\u00eda del amor y la amistad cuando se espera poder reactivar la actividad econ\u00f3mica tal y como ha sucedido en a\u00f1os pasados y en esta ocasi\u00f3n tambi\u00e9n se esperan buenas ventas.<\/p>\n\n\n\n<p>Concluy\u00f3 invitando a las familias de esta zona de Hidalgo para que fortalezcan principalmente la econom\u00eda local, se les sugiere a todos que compren en los establecimientos locales, ya que solo de esta manera se podr\u00e1 fortalecer la econom\u00eda para el bien de todos los habitantes.<\/p>\n","protected":false},"excerpt":{"rendered":"<p>Por Enedino Hern\u00e1ndez Alonso\/Zunoticia Huejutla, Hgo &#8211; El representante del Sector Empresarial en Huejutla, Luis Enrique Camargo, detall\u00f3 que, los comerciantes y empresarios de Huejutla esperan mejorar la actividad comercial durante este mes de febrero, ya que como todos saben en la &#8216;Cuesta de enero&#8217; estuvieron un poco bajas las ventas. Explic\u00f3 que, en este&hellip; <a class=\"more-link\" href=\"https:\/\/www.zunoticia.com\/noticias-de-hidalgo\/2025\/02\/08\/espera-sector-empresarial-mejorar-actividad-comercial\/\">Seguir leyendo <span class=\"screen-reader-text\">Espera Sector Empresarial mejorar actividad comercial<\/span><\/a><\/p>\n","protected":false},"author":20,"featured_media":582486,"comment_status":"open","ping_status":"open","sticky":false,"template":"","format":"standard","meta":{"rop_custom_images_group":[],"rop_custom_messages_group":[],"rop_publish_now":"initial","rop_publish_now_accounts":{"facebook_10159540855086992_322828327761733":""},"rop_publish_now_history":[],"rop_publish_now_status":"pending","footnotes":""},"categories":[181],"tags":[121],"class_list":["post-582485","post","type-post","status-publish","format-standard","has-post-thumbnail","hentry","category-huejutla","tag-huejutla","entry"],"_links":{"self":[{"href":"https:\/\/www.zunoticia.com\/noticias-de-hidalgo\/wp-json\/wp\/v2\/posts\/582485","targetHints":{"allow":["GET"]}}],"collection":[{"href":"https:\/\/www.zunoticia.com\/noticias-de-hidalgo\/wp-json\/wp\/v2\/posts"}],"about":[{"href":"https:\/\/www.zunoticia.com\/noticias-de-hidalgo\/wp-json\/wp\/v2\/types\/post"}],"author":[{"embeddable":true,"href":"https:\/\/www.zunoticia.com\/noticias-de-hidalgo\/wp-json\/wp\/v2\/users\/20"}],"replies":[{"embeddable":true,"href":"https:\/\/www.zunoticia.com\/noticias-de-hidalgo\/wp-json\/wp\/v2\/comments?post=582485"}],"version-history":[{"count":1,"href":"https:\/\/www.zunoticia.com\/noticias-de-hidalgo\/wp-json\/wp\/v2\/posts\/582485\/revisions"}],"predecessor-version":[{"id":582487,"href":"https:\/\/www.zunoticia.com\/noticias-de-hidalgo\/wp-json\/wp\/v2\/posts\/582485\/revisions\/582487"}],"wp:featuredmedia":[{"embeddable":true,"href":"https:\/\/www.zunoticia.com\/noticias-de-hidalgo\/wp-json\/wp\/v2\/media\/582486"}],"wp:attachment":[{"href":"https:\/\/www.zunoticia.com\/noticias-de-hidalgo\/wp-json\/wp\/v2\/media?parent=582485"}],"wp:term":[{"taxonomy":"category","embeddable":true,"href":"https:\/\/www.zunoticia.com\/noticias-de-hidalgo\/wp-json\/wp\/v2\/categories?post=582485"},{"taxonomy":"post_tag","embeddable":true,"href":"https:\/\/www.zunoticia.com\/noticias-de-hidalgo\/wp-json\/wp\/v2\/tags?post=582485"}],"curies":[{"name":"wp","href":"https:\/\/api.w.org\/{rel}","templated":true}]}}