{"id":582488,"date":"2025-02-08T12:38:28","date_gmt":"2025-02-08T18:38:28","guid":{"rendered":"https:\/\/www.zunoticia.com\/noticias-de-hidalgo\/?p=582488"},"modified":"2025-02-08T12:38:30","modified_gmt":"2025-02-08T18:38:30","slug":"menor-de-edad-se-fue-a-trabajar-a-un-campo-agricola-y-desaparecio","status":"publish","type":"post","link":"https:\/\/www.zunoticia.com\/noticias-de-hidalgo\/2025\/02\/08\/menor-de-edad-se-fue-a-trabajar-a-un-campo-agricola-y-desaparecio\/","title":{"rendered":"Menor de edad se fue a trabajar a un campo agr\u00edcola y desapareci\u00f3"},"content":{"rendered":"<aside class=\"mashsb-container mashsb-main mashsb-stretched\"><div class=\"mashsb-box\"><div class=\"mashsb-count mash-large\" style=\"float:left\"><div class=\"counts mashsbcount\">2<\/div><span class=\"mashsb-sharetext\">SHARES<\/span><\/div><div class=\"mashsb-buttons\"><a class=\"mashicon-facebook mash-large mash-center mashsb-noshadow\" href=\"https:\/\/www.facebook.com\/sharer.php?u=https%3A%2F%2Fwww.zunoticia.com%2Fnoticias-de-hidalgo%2F2025%2F02%2F08%2Fmenor-de-edad-se-fue-a-trabajar-a-un-campo-agricola-y-desaparecio%2F\" target=\"_top\" rel=\"nofollow\"><span class=\"icon\"><\/span><span class=\"text\">Share<\/span><\/a><a class=\"mashicon-twitter mash-large mash-center mashsb-noshadow\" href=\"https:\/\/twitter.com\/intent\/tweet?text=&amp;url=https:\/\/www.zunoticia.com\/noticias-de-hidalgo\/2025\/02\/08\/menor-de-edad-se-fue-a-trabajar-a-un-campo-agricola-y-desaparecio\/\" target=\"_top\" rel=\"nofollow\"><span class=\"icon\"><\/span><span class=\"text\">Tweet<\/span><\/a><div class=\"onoffswitch2 mash-large mashsb-noshadow\" style=\"display:none\"><\/div><\/div>\n            <\/div>\n                <div style=\"clear:both\"><\/div><div class=\"mashsb-toggle-container\"><\/div><\/aside>\n            <!-- Share buttons by mashshare.net - Version: 4.0.47-->\n<p><em>Por Roberto Ram\u00edrez \/Zunoticia<\/em><\/p>\n\n\n\n<p><strong>Xochiatipan, Hgo<\/strong>. &#8211; Un jovencito se fue a trabajar a un campo agr\u00edcola y desapareci\u00f3, sus familiares est\u00e1n solicitando a toda la poblaci\u00f3n para que aporten informaci\u00f3n del paradero del adolescente, ya que no saben nada de \u00e9l desde casi un a\u00f1o.<\/p>\n\n\n\n<p>El desaparecido se llama Alfredo Manuel Hern\u00e1ndez, de 17 a\u00f1os, de la localidad de Ohuatipa, Xochiatipan; seg\u00fan sus familiares se escap\u00f3 para trabajar en el corte de tomate y desapareci\u00f3, por lo que est\u00e1n pidiendo el apoyo de la ciudadan\u00eda para localizarlo, al mismo tiempo ya dieron aviso a las autoridades correspondientes para que apoyen con la b\u00fasqueda<\/p>\n\n\n\n<p>Para brindar informaci\u00f3n piden comunicarse al n\u00famero telef\u00f3nico 7711605401, ya que sus familiares se encuentran muy preocupados por la desaparici\u00f3n de este menor de edad, quien desde hace un a\u00f1o que sali\u00f3 a escondidas, ya no lleg\u00f3 a su casa.&nbsp;&nbsp;<\/p>\n","protected":false},"excerpt":{"rendered":"<p>Por Roberto Ram\u00edrez \/Zunoticia Xochiatipan, Hgo. &#8211; Un jovencito se fue a trabajar a un campo agr\u00edcola y desapareci\u00f3, sus familiares est\u00e1n solicitando a toda la poblaci\u00f3n para que aporten informaci\u00f3n del paradero del adolescente, ya que no saben nada de \u00e9l desde casi un a\u00f1o. El desaparecido se llama Alfredo Manuel Hern\u00e1ndez, de 17&hellip; <a class=\"more-link\" href=\"https:\/\/www.zunoticia.com\/noticias-de-hidalgo\/2025\/02\/08\/menor-de-edad-se-fue-a-trabajar-a-un-campo-agricola-y-desaparecio\/\">Seguir leyendo <span class=\"screen-reader-text\">Menor de edad se fue a trabajar a un campo agr\u00edcola y desapareci\u00f3<\/span><\/a><\/p>\n","protected":false},"author":20,"featured_media":582489,"comment_status":"open","ping_status":"open","sticky":false,"template":"","format":"standard","meta":{"rop_custom_images_group":[],"rop_custom_messages_group":[],"rop_publish_now":"initial","rop_publish_now_accounts":{"facebook_10159540855086992_322828327761733":""},"rop_publish_now_history":[],"rop_publish_now_status":"pending","footnotes":""},"categories":[178],"tags":[259],"class_list":["post-582488","post","type-post","status-publish","format-standard","has-post-thumbnail","hentry","category-policiaca","tag-policiaca","entry"],"_links":{"self":[{"href":"https:\/\/www.zunoticia.com\/noticias-de-hidalgo\/wp-json\/wp\/v2\/posts\/582488","targetHints":{"allow":["GET"]}}],"collection":[{"href":"https:\/\/www.zunoticia.com\/noticias-de-hidalgo\/wp-json\/wp\/v2\/posts"}],"about":[{"href":"https:\/\/www.zunoticia.com\/noticias-de-hidalgo\/wp-json\/wp\/v2\/types\/post"}],"author":[{"embeddable":true,"href":"https:\/\/www.zunoticia.com\/noticias-de-hidalgo\/wp-json\/wp\/v2\/users\/20"}],"replies":[{"embeddable":true,"href":"https:\/\/www.zunoticia.com\/noticias-de-hidalgo\/wp-json\/wp\/v2\/comments?post=582488"}],"version-history":[{"count":1,"href":"https:\/\/www.zunoticia.com\/noticias-de-hidalgo\/wp-json\/wp\/v2\/posts\/582488\/revisions"}],"predecessor-version":[{"id":582490,"href":"https:\/\/www.zunoticia.com\/noticias-de-hidalgo\/wp-json\/wp\/v2\/posts\/582488\/revisions\/582490"}],"wp:featuredmedia":[{"embeddable":true,"href":"https:\/\/www.zunoticia.com\/noticias-de-hidalgo\/wp-json\/wp\/v2\/media\/582489"}],"wp:attachment":[{"href":"https:\/\/www.zunoticia.com\/noticias-de-hidalgo\/wp-json\/wp\/v2\/media?parent=582488"}],"wp:term":[{"taxonomy":"category","embeddable":true,"href":"https:\/\/www.zunoticia.com\/noticias-de-hidalgo\/wp-json\/wp\/v2\/categories?post=582488"},{"taxonomy":"post_tag","embeddable":true,"href":"https:\/\/www.zunoticia.com\/noticias-de-hidalgo\/wp-json\/wp\/v2\/tags?post=582488"}],"curies":[{"name":"wp","href":"https:\/\/api.w.org\/{rel}","templated":true}]}}