{"id":582511,"date":"2025-02-08T16:27:38","date_gmt":"2025-02-08T22:27:38","guid":{"rendered":"https:\/\/www.zunoticia.com\/noticias-de-hidalgo\/?p=582511"},"modified":"2025-02-08T16:27:40","modified_gmt":"2025-02-08T22:27:40","slug":"inauguran-exposicion-fotografica-voces-imagenes-y-miradas","status":"publish","type":"post","link":"https:\/\/www.zunoticia.com\/noticias-de-hidalgo\/2025\/02\/08\/inauguran-exposicion-fotografica-voces-imagenes-y-miradas\/","title":{"rendered":"Inauguran exposici\u00f3n fotogr\u00e1fica &#8216;Voces, im\u00e1genes y miradas&#8217;"},"content":{"rendered":"<aside class=\"mashsb-container mashsb-main mashsb-stretched\"><div class=\"mashsb-box\"><div class=\"mashsb-count mash-large\" style=\"float:left\"><div class=\"counts mashsbcount\">0<\/div><span class=\"mashsb-sharetext\">SHARES<\/span><\/div><div class=\"mashsb-buttons\"><a class=\"mashicon-facebook mash-large mash-center mashsb-noshadow\" href=\"https:\/\/www.facebook.com\/sharer.php?u=https%3A%2F%2Fwww.zunoticia.com%2Fnoticias-de-hidalgo%2F2025%2F02%2F08%2Finauguran-exposicion-fotografica-voces-imagenes-y-miradas%2F\" target=\"_top\" rel=\"nofollow\"><span class=\"icon\"><\/span><span class=\"text\">Share<\/span><\/a><a class=\"mashicon-twitter mash-large mash-center mashsb-noshadow\" href=\"https:\/\/twitter.com\/intent\/tweet?text=&amp;url=https:\/\/www.zunoticia.com\/noticias-de-hidalgo\/2025\/02\/08\/inauguran-exposicion-fotografica-voces-imagenes-y-miradas\/\" target=\"_top\" rel=\"nofollow\"><span class=\"icon\"><\/span><span class=\"text\">Tweet<\/span><\/a><div class=\"onoffswitch2 mash-large mashsb-noshadow\" style=\"display:none\"><\/div><\/div>\n            <\/div>\n                <div style=\"clear:both\"><\/div><div class=\"mashsb-toggle-container\"><\/div><\/aside>\n            <!-- Share buttons by mashshare.net - Version: 4.0.47-->\n<p><em>Por Enedino Hern\u00e1ndez Alonso\/Zunoticia<\/em><\/p>\n\n\n\n<p><strong>Huejutla, Hgo<\/strong>.- A nombre del alcalde de Huejutla, Alfredo San Rom\u00e1n, el secretario municipal, Jos\u00e9 Luis Fayad Torres inaugur\u00f3 durante la tarde de este s\u00e1bado 8 de febrero, en las instalaciones del kiosco municipal, la exposici\u00f3n fotogr\u00e1fica &#8216;Voces, im\u00e1genes y miradas&#8217;.<\/p>\n\n\n\n<p>Esta exposici\u00f3n sobre la tradici\u00f3n alfarera de Chililico permanece en el kiosco municipal del 8 de febrero al 9 de marzo, en donde se espera sea apreciado por un buen n\u00famero de ciudadanos de esta zona de la huasteca.<\/p>\n\n\n\n<p>La exposici\u00f3n representa una selecci\u00f3n de obras y se realiz\u00f3 con la participaci\u00f3n de artesanas de la comunidad de Chililico, quienes compartieron testimonios sobre su labor alfarera.<\/p>\n\n\n\n<p>El Proyecto fue realizado con la ayuda del Sistema de Apoyos a la Creaci\u00f3n y Proyectos Culturales, Actores Sociales en di\u00e1logo con el acervo fotogr\u00e1fico Ruth D. Lechuga.<\/p>\n\n\n\n<p>Asimismo, se destac\u00f3 que, las fotograf\u00edas que se tienen en la exposici\u00f3n fueron tomadas en los a\u00f1os 1964 y 1972 por la fot\u00f3grafa Ruth D. Lechuga.<\/p>\n\n\n\n<p>La exposici\u00f3n &#8220;Voces, im\u00e1genes y miradas. Actores sociales en di\u00e1logo con el Acervo Fotogr\u00e1fico Ruth D. Lechuga&#8221;, es un evento de gran relevancia cultural para Huejutla y nuestra regi\u00f3n.<\/p>\n\n\n\n<figure class=\"wp-block-gallery has-nested-images columns-default is-cropped wp-block-gallery-1 is-layout-flex wp-block-gallery-is-layout-flex\">\n<figure class=\"wp-block-image size-large\"><img fetchpriority=\"high\" decoding=\"async\" width=\"933\" height=\"524\" data-id=\"582513\" src=\"https:\/\/www.zunoticia.com\/noticias-de-hidalgo\/wp-content\/uploads\/2025\/02\/Zunoticia-Huejutla-1-64.png\" alt=\"\" class=\"wp-image-582513\"\/><\/figure>\n\n\n\n<figure class=\"wp-block-image size-large\"><img decoding=\"async\" width=\"933\" height=\"524\" data-id=\"582514\" src=\"https:\/\/www.zunoticia.com\/noticias-de-hidalgo\/wp-content\/uploads\/2025\/02\/Zunoticia-Huejutla-97.png\" alt=\"\" class=\"wp-image-582514\"\/><\/figure>\n<\/figure>\n","protected":false},"excerpt":{"rendered":"<p>Por Enedino Hern\u00e1ndez Alonso\/Zunoticia Huejutla, Hgo.- A nombre del alcalde de Huejutla, Alfredo San Rom\u00e1n, el secretario municipal, Jos\u00e9 Luis Fayad Torres inaugur\u00f3 durante la tarde de este s\u00e1bado 8 de febrero, en las instalaciones del kiosco municipal, la exposici\u00f3n fotogr\u00e1fica &#8216;Voces, im\u00e1genes y miradas&#8217;. Esta exposici\u00f3n sobre la tradici\u00f3n alfarera de Chililico permanece en&hellip; <a class=\"more-link\" href=\"https:\/\/www.zunoticia.com\/noticias-de-hidalgo\/2025\/02\/08\/inauguran-exposicion-fotografica-voces-imagenes-y-miradas\/\">Seguir leyendo <span class=\"screen-reader-text\">Inauguran exposici\u00f3n fotogr\u00e1fica &#8216;Voces, im\u00e1genes y miradas&#8217;<\/span><\/a><\/p>\n","protected":false},"author":20,"featured_media":582512,"comment_status":"open","ping_status":"open","sticky":false,"template":"","format":"standard","meta":{"rop_custom_images_group":[],"rop_custom_messages_group":[],"rop_publish_now":"initial","rop_publish_now_accounts":{"facebook_10159540855086992_322828327761733":""},"rop_publish_now_history":[],"rop_publish_now_status":"pending","footnotes":""},"categories":[181],"tags":[121],"class_list":["post-582511","post","type-post","status-publish","format-standard","has-post-thumbnail","hentry","category-huejutla","tag-huejutla","entry"],"_links":{"self":[{"href":"https:\/\/www.zunoticia.com\/noticias-de-hidalgo\/wp-json\/wp\/v2\/posts\/582511","targetHints":{"allow":["GET"]}}],"collection":[{"href":"https:\/\/www.zunoticia.com\/noticias-de-hidalgo\/wp-json\/wp\/v2\/posts"}],"about":[{"href":"https:\/\/www.zunoticia.com\/noticias-de-hidalgo\/wp-json\/wp\/v2\/types\/post"}],"author":[{"embeddable":true,"href":"https:\/\/www.zunoticia.com\/noticias-de-hidalgo\/wp-json\/wp\/v2\/users\/20"}],"replies":[{"embeddable":true,"href":"https:\/\/www.zunoticia.com\/noticias-de-hidalgo\/wp-json\/wp\/v2\/comments?post=582511"}],"version-history":[{"count":1,"href":"https:\/\/www.zunoticia.com\/noticias-de-hidalgo\/wp-json\/wp\/v2\/posts\/582511\/revisions"}],"predecessor-version":[{"id":582515,"href":"https:\/\/www.zunoticia.com\/noticias-de-hidalgo\/wp-json\/wp\/v2\/posts\/582511\/revisions\/582515"}],"wp:featuredmedia":[{"embeddable":true,"href":"https:\/\/www.zunoticia.com\/noticias-de-hidalgo\/wp-json\/wp\/v2\/media\/582512"}],"wp:attachment":[{"href":"https:\/\/www.zunoticia.com\/noticias-de-hidalgo\/wp-json\/wp\/v2\/media?parent=582511"}],"wp:term":[{"taxonomy":"category","embeddable":true,"href":"https:\/\/www.zunoticia.com\/noticias-de-hidalgo\/wp-json\/wp\/v2\/categories?post=582511"},{"taxonomy":"post_tag","embeddable":true,"href":"https:\/\/www.zunoticia.com\/noticias-de-hidalgo\/wp-json\/wp\/v2\/tags?post=582511"}],"curies":[{"name":"wp","href":"https:\/\/api.w.org\/{rel}","templated":true}]}}