{"id":582541,"date":"2025-02-08T22:55:26","date_gmt":"2025-02-09T04:55:26","guid":{"rendered":"https:\/\/www.zunoticia.com\/noticias-de-hidalgo\/?p=582541"},"modified":"2025-02-08T22:55:28","modified_gmt":"2025-02-09T04:55:28","slug":"volco-camioneta-en-la-mexico-tampico-4","status":"publish","type":"post","link":"https:\/\/www.zunoticia.com\/noticias-de-hidalgo\/2025\/02\/08\/volco-camioneta-en-la-mexico-tampico-4\/","title":{"rendered":"Volc\u00f3 camioneta en la M\u00e9xico-Tampico"},"content":{"rendered":"<aside class=\"mashsb-container mashsb-main mashsb-stretched\"><div class=\"mashsb-box\"><div class=\"mashsb-count mash-large\" style=\"float:left\"><div class=\"counts mashsbcount\">2<\/div><span class=\"mashsb-sharetext\">SHARES<\/span><\/div><div class=\"mashsb-buttons\"><a class=\"mashicon-facebook mash-large mash-center mashsb-noshadow\" href=\"https:\/\/www.facebook.com\/sharer.php?u=https%3A%2F%2Fwww.zunoticia.com%2Fnoticias-de-hidalgo%2F2025%2F02%2F08%2Fvolco-camioneta-en-la-mexico-tampico-4%2F\" target=\"_top\" rel=\"nofollow\"><span class=\"icon\"><\/span><span class=\"text\">Share<\/span><\/a><a class=\"mashicon-twitter mash-large mash-center mashsb-noshadow\" href=\"https:\/\/twitter.com\/intent\/tweet?text=&amp;url=https:\/\/www.zunoticia.com\/noticias-de-hidalgo\/2025\/02\/08\/volco-camioneta-en-la-mexico-tampico-4\/\" target=\"_top\" rel=\"nofollow\"><span class=\"icon\"><\/span><span class=\"text\">Tweet<\/span><\/a><div class=\"onoffswitch2 mash-large mashsb-noshadow\" style=\"display:none\"><\/div><\/div>\n            <\/div>\n                <div style=\"clear:both\"><\/div><div class=\"mashsb-toggle-container\"><\/div><\/aside>\n            <!-- Share buttons by mashshare.net - Version: 4.0.47-->\n<p><em>Por Roberto Ram\u00edrez\/Zunoticia<\/em><\/p>\n\n\n\n<p><strong>Tlanchinol, Hgo. &#8211;<\/strong> Una camioneta que circulaba sobre la M\u00e9xico-Tampico sufri\u00f3 una aparatosa volcadura, esto presuntamente ante las malas condiciones de esa v\u00eda federal, al lugar de los hechos llegaron polic\u00edas municipales y elementos de Protecci\u00f3n Civil municipal para auxiliar a los tripulantes.<\/p>\n\n\n\n<p>Fue la tarde de este s\u00e1bado que una camioneta Ford, cuyo conductor hab\u00eda perdido el control por un bache y&nbsp; termin\u00f3 recostado sobre su lado derecho, accidente que solo dej\u00f3 cuantiosos da\u00f1os materiales, la unidad iba cargada con muebles.<\/p>\n\n\n\n<p>Al este accidente tambi\u00e9n arribaron oficiales de la Guardia Nacional Carreteras para tomar conocimiento de los hechos, la unidad fue remolcada por un grupo de personas, el accidente se registr\u00f3 en el lugar conocido como la quebradora muy cerca de la cabecera de Tlanchinol.<\/p>\n","protected":false},"excerpt":{"rendered":"<p>Por Roberto Ram\u00edrez\/Zunoticia Tlanchinol, Hgo. &#8211; Una camioneta que circulaba sobre la M\u00e9xico-Tampico sufri\u00f3 una aparatosa volcadura, esto presuntamente ante las malas condiciones de esa v\u00eda federal, al lugar de los hechos llegaron polic\u00edas municipales y elementos de Protecci\u00f3n Civil municipal para auxiliar a los tripulantes. Fue la tarde de este s\u00e1bado que una camioneta&hellip; <a class=\"more-link\" href=\"https:\/\/www.zunoticia.com\/noticias-de-hidalgo\/2025\/02\/08\/volco-camioneta-en-la-mexico-tampico-4\/\">Seguir leyendo <span class=\"screen-reader-text\">Volc\u00f3 camioneta en la M\u00e9xico-Tampico<\/span><\/a><\/p>\n","protected":false},"author":22,"featured_media":582542,"comment_status":"open","ping_status":"open","sticky":false,"template":"","format":"standard","meta":{"rop_custom_images_group":[],"rop_custom_messages_group":[],"rop_publish_now":"initial","rop_publish_now_accounts":{"facebook_10159540855086992_322828327761733":""},"rop_publish_now_history":[],"rop_publish_now_status":"pending","footnotes":""},"categories":[178],"tags":[127],"class_list":["post-582541","post","type-post","status-publish","format-standard","has-post-thumbnail","hentry","category-policiaca","tag-tlanchinol","entry"],"_links":{"self":[{"href":"https:\/\/www.zunoticia.com\/noticias-de-hidalgo\/wp-json\/wp\/v2\/posts\/582541","targetHints":{"allow":["GET"]}}],"collection":[{"href":"https:\/\/www.zunoticia.com\/noticias-de-hidalgo\/wp-json\/wp\/v2\/posts"}],"about":[{"href":"https:\/\/www.zunoticia.com\/noticias-de-hidalgo\/wp-json\/wp\/v2\/types\/post"}],"author":[{"embeddable":true,"href":"https:\/\/www.zunoticia.com\/noticias-de-hidalgo\/wp-json\/wp\/v2\/users\/22"}],"replies":[{"embeddable":true,"href":"https:\/\/www.zunoticia.com\/noticias-de-hidalgo\/wp-json\/wp\/v2\/comments?post=582541"}],"version-history":[{"count":1,"href":"https:\/\/www.zunoticia.com\/noticias-de-hidalgo\/wp-json\/wp\/v2\/posts\/582541\/revisions"}],"predecessor-version":[{"id":582543,"href":"https:\/\/www.zunoticia.com\/noticias-de-hidalgo\/wp-json\/wp\/v2\/posts\/582541\/revisions\/582543"}],"wp:featuredmedia":[{"embeddable":true,"href":"https:\/\/www.zunoticia.com\/noticias-de-hidalgo\/wp-json\/wp\/v2\/media\/582542"}],"wp:attachment":[{"href":"https:\/\/www.zunoticia.com\/noticias-de-hidalgo\/wp-json\/wp\/v2\/media?parent=582541"}],"wp:term":[{"taxonomy":"category","embeddable":true,"href":"https:\/\/www.zunoticia.com\/noticias-de-hidalgo\/wp-json\/wp\/v2\/categories?post=582541"},{"taxonomy":"post_tag","embeddable":true,"href":"https:\/\/www.zunoticia.com\/noticias-de-hidalgo\/wp-json\/wp\/v2\/tags?post=582541"}],"curies":[{"name":"wp","href":"https:\/\/api.w.org\/{rel}","templated":true}]}}