{"id":582552,"date":"2025-02-09T13:39:22","date_gmt":"2025-02-09T19:39:22","guid":{"rendered":"https:\/\/www.zunoticia.com\/noticias-de-hidalgo\/?p=582552"},"modified":"2025-02-09T13:39:24","modified_gmt":"2025-02-09T19:39:24","slug":"dan-banderazo-de-salida-a-los-supervisores-y-capacitadores-asistentes-electorales","status":"publish","type":"post","link":"https:\/\/www.zunoticia.com\/noticias-de-hidalgo\/2025\/02\/09\/dan-banderazo-de-salida-a-los-supervisores-y-capacitadores-asistentes-electorales\/","title":{"rendered":"Dan banderazo de salida a los Supervisores y Capacitadores Asistentes Electorales"},"content":{"rendered":"<aside class=\"mashsb-container mashsb-main mashsb-stretched\"><div class=\"mashsb-box\"><div class=\"mashsb-count mash-large\" style=\"float:left\"><div class=\"counts mashsbcount\">0<\/div><span class=\"mashsb-sharetext\">SHARES<\/span><\/div><div class=\"mashsb-buttons\"><a class=\"mashicon-facebook mash-large mash-center mashsb-noshadow\" href=\"https:\/\/www.facebook.com\/sharer.php?u=https%3A%2F%2Fwww.zunoticia.com%2Fnoticias-de-hidalgo%2F2025%2F02%2F09%2Fdan-banderazo-de-salida-a-los-supervisores-y-capacitadores-asistentes-electorales%2F\" target=\"_top\" rel=\"nofollow\"><span class=\"icon\"><\/span><span class=\"text\">Share<\/span><\/a><a class=\"mashicon-twitter mash-large mash-center mashsb-noshadow\" href=\"https:\/\/twitter.com\/intent\/tweet?text=&amp;url=https:\/\/www.zunoticia.com\/noticias-de-hidalgo\/2025\/02\/09\/dan-banderazo-de-salida-a-los-supervisores-y-capacitadores-asistentes-electorales\/\" target=\"_top\" rel=\"nofollow\"><span class=\"icon\"><\/span><span class=\"text\">Tweet<\/span><\/a><div class=\"onoffswitch2 mash-large mashsb-noshadow\" style=\"display:none\"><\/div><\/div>\n            <\/div>\n                <div style=\"clear:both\"><\/div><div class=\"mashsb-toggle-container\"><\/div><\/aside>\n            <!-- Share buttons by mashshare.net - Version: 4.0.47-->\n<p><em>Por Karen Rivera\/Zunoticia<\/em><\/p>\n\n\n\n<p><strong>Huejutla de Reyes, Hgo.-<\/strong> Por el Proceso Electoral Extraordinario en el Poder Judicial de la Federaci\u00f3n, se dio banderazo de salida a los Supervisores y Capacitadores Asistentes Electorales del Instituto Nacional Electoral.<\/p>\n\n\n\n<p>En punto de las 8:00 de la ma\u00f1ana, con honores al l\u00e1baro patrio, en la Plaza del Reloj, se llev\u00f3 a cabo el banderazo de salida a quienes formar\u00e1n parte de la formaci\u00f3n de los funcionarios de casillas.<\/p>\n\n\n\n<figure class=\"wp-block-image size-full\"><img fetchpriority=\"high\" decoding=\"async\" width=\"1080\" height=\"608\" src=\"https:\/\/www.zunoticia.com\/noticias-de-hidalgo\/wp-content\/uploads\/2025\/02\/eZy-Watermark_09-02-2025_12-51-55-4420p.m.jpg\" alt=\"\" class=\"wp-image-582558\"\/><\/figure>\n\n\n\n<p>El pr\u00f3ximo 1 de junio del 2025 se realizar\u00e1 el proceso electoral de la elecci\u00f3n de Magistrados en el Poder Judicial de la Federaci\u00f3n, quienes ser\u00e1n sufragados como en las elecciones populares.<\/p>\n\n\n\n<p>Los municipios donde se har\u00e1n dichas capacitaciones son: Huejutla, Atlapexco, Calnali, Huazalingo, Huautla, Jaltoc\u00e1n, San Felipe Orizatl\u00e1n, Xochiatipan, Yahualica, Tlanchinol, Molango de Escamilla, Lolotla, Ju\u00e1rez Hidalgo, Tepehuac\u00e1n, Tianguistengo, Xochicoatl\u00e1n y Eloxochitl\u00e1n.<\/p>\n\n\n\n<figure class=\"wp-block-image size-full\"><img decoding=\"async\" width=\"1080\" height=\"810\" src=\"https:\/\/www.zunoticia.com\/noticias-de-hidalgo\/wp-content\/uploads\/2025\/02\/eZy-Watermark_09-02-2025_12-51-34-4450p.m.jpg\" alt=\"\" class=\"wp-image-582557\"\/><\/figure>\n","protected":false},"excerpt":{"rendered":"<p>Por Karen Rivera\/Zunoticia Huejutla de Reyes, Hgo.- Por el Proceso Electoral Extraordinario en el Poder Judicial de la Federaci\u00f3n, se dio banderazo de salida a los Supervisores y Capacitadores Asistentes Electorales del Instituto Nacional Electoral. En punto de las 8:00 de la ma\u00f1ana, con honores al l\u00e1baro patrio, en la Plaza del Reloj, se llev\u00f3&hellip; <a class=\"more-link\" href=\"https:\/\/www.zunoticia.com\/noticias-de-hidalgo\/2025\/02\/09\/dan-banderazo-de-salida-a-los-supervisores-y-capacitadores-asistentes-electorales\/\">Seguir leyendo <span class=\"screen-reader-text\">Dan banderazo de salida a los Supervisores y Capacitadores Asistentes Electorales<\/span><\/a><\/p>\n","protected":false},"author":12,"featured_media":582559,"comment_status":"open","ping_status":"open","sticky":false,"template":"","format":"standard","meta":{"rop_custom_images_group":[],"rop_custom_messages_group":[],"rop_publish_now":"initial","rop_publish_now_accounts":{"facebook_10159540855086992_322828327761733":""},"rop_publish_now_history":[],"rop_publish_now_status":"pending","footnotes":""},"categories":[181],"tags":[121],"class_list":["post-582552","post","type-post","status-publish","format-standard","has-post-thumbnail","hentry","category-huejutla","tag-huejutla","entry"],"_links":{"self":[{"href":"https:\/\/www.zunoticia.com\/noticias-de-hidalgo\/wp-json\/wp\/v2\/posts\/582552","targetHints":{"allow":["GET"]}}],"collection":[{"href":"https:\/\/www.zunoticia.com\/noticias-de-hidalgo\/wp-json\/wp\/v2\/posts"}],"about":[{"href":"https:\/\/www.zunoticia.com\/noticias-de-hidalgo\/wp-json\/wp\/v2\/types\/post"}],"author":[{"embeddable":true,"href":"https:\/\/www.zunoticia.com\/noticias-de-hidalgo\/wp-json\/wp\/v2\/users\/12"}],"replies":[{"embeddable":true,"href":"https:\/\/www.zunoticia.com\/noticias-de-hidalgo\/wp-json\/wp\/v2\/comments?post=582552"}],"version-history":[{"count":1,"href":"https:\/\/www.zunoticia.com\/noticias-de-hidalgo\/wp-json\/wp\/v2\/posts\/582552\/revisions"}],"predecessor-version":[{"id":582565,"href":"https:\/\/www.zunoticia.com\/noticias-de-hidalgo\/wp-json\/wp\/v2\/posts\/582552\/revisions\/582565"}],"wp:featuredmedia":[{"embeddable":true,"href":"https:\/\/www.zunoticia.com\/noticias-de-hidalgo\/wp-json\/wp\/v2\/media\/582559"}],"wp:attachment":[{"href":"https:\/\/www.zunoticia.com\/noticias-de-hidalgo\/wp-json\/wp\/v2\/media?parent=582552"}],"wp:term":[{"taxonomy":"category","embeddable":true,"href":"https:\/\/www.zunoticia.com\/noticias-de-hidalgo\/wp-json\/wp\/v2\/categories?post=582552"},{"taxonomy":"post_tag","embeddable":true,"href":"https:\/\/www.zunoticia.com\/noticias-de-hidalgo\/wp-json\/wp\/v2\/tags?post=582552"}],"curies":[{"name":"wp","href":"https:\/\/api.w.org\/{rel}","templated":true}]}}