{"id":582567,"date":"2025-02-09T14:13:01","date_gmt":"2025-02-09T20:13:01","guid":{"rendered":"https:\/\/www.zunoticia.com\/noticias-de-hidalgo\/?p=582567"},"modified":"2025-02-09T14:13:02","modified_gmt":"2025-02-09T20:13:02","slug":"ecologia-municipal-realizo-reunion-con-delegados","status":"publish","type":"post","link":"https:\/\/www.zunoticia.com\/noticias-de-hidalgo\/2025\/02\/09\/ecologia-municipal-realizo-reunion-con-delegados\/","title":{"rendered":"Ecolog\u00eda Municipal realiz\u00f3 reuni\u00f3n con delegados"},"content":{"rendered":"<aside class=\"mashsb-container mashsb-main mashsb-stretched\"><div class=\"mashsb-box\"><div class=\"mashsb-count mash-large\" style=\"float:left\"><div class=\"counts mashsbcount\">0<\/div><span class=\"mashsb-sharetext\">SHARES<\/span><\/div><div class=\"mashsb-buttons\"><a class=\"mashicon-facebook mash-large mash-center mashsb-noshadow\" href=\"https:\/\/www.facebook.com\/sharer.php?u=https%3A%2F%2Fwww.zunoticia.com%2Fnoticias-de-hidalgo%2F2025%2F02%2F09%2Fecologia-municipal-realizo-reunion-con-delegados%2F\" target=\"_top\" rel=\"nofollow\"><span class=\"icon\"><\/span><span class=\"text\">Share<\/span><\/a><a class=\"mashicon-twitter mash-large mash-center mashsb-noshadow\" href=\"https:\/\/twitter.com\/intent\/tweet?text=&amp;url=https:\/\/www.zunoticia.com\/noticias-de-hidalgo\/2025\/02\/09\/ecologia-municipal-realizo-reunion-con-delegados\/\" target=\"_top\" rel=\"nofollow\"><span class=\"icon\"><\/span><span class=\"text\">Tweet<\/span><\/a><div class=\"onoffswitch2 mash-large mashsb-noshadow\" style=\"display:none\"><\/div><\/div>\n            <\/div>\n                <div style=\"clear:both\"><\/div><div class=\"mashsb-toggle-container\"><\/div><\/aside>\n            <!-- Share buttons by mashshare.net - Version: 4.0.47-->\n<p><em>Por Salvador Altamirano\/Zunoticia<\/em><\/p>\n\n\n\n<p><strong>Atlapexco, Hgo.-<\/strong> El \u00e1rea de Ecolog\u00eda Municipal, cuyo director es Jos\u00e9 de Jes\u00fas P\u00e9rez Bautista, realiz\u00f3 una reuni\u00f3n con representantes delegacionales de todas las comunidades que integran la jurisdicci\u00f3n.<\/p>\n\n\n\n<p>El evento, que se llev\u00f3 a cabo en el Auditorio Los Palillos, tuvo el prop\u00f3sito de informar a los delegados municipales sobre los programas denominados &#8220;Alianza Sustentable para Hidalgo&#8221; y &#8220;Conafor&#8221;.<\/p>\n\n\n\n<p>La intenci\u00f3n, es que los representantes comunitarios hagan extensiva la invitaci\u00f3n a los productores del municipio para que participen en ambos programas, los cuales son de suma importancia para la preservaci\u00f3n del medio ambiente.<\/p>\n\n\n\n<figure class=\"wp-block-image size-full\"><img fetchpriority=\"high\" decoding=\"async\" width=\"720\" height=\"324\" src=\"https:\/\/www.zunoticia.com\/noticias-de-hidalgo\/wp-content\/uploads\/2025\/02\/eZy-Watermark_09-02-2025_02-10-19-9170p.m.jpg\" alt=\"\" class=\"wp-image-582569\"\/><\/figure>\n\n\n\n<p>Se les especific\u00f3 que el de Alianza Sustentable para Hidalgo promueve el desarrollo econ\u00f3mico, social y ambiental y el de Conafor, est\u00e1 enfocado en la protecci\u00f3n de los recursos forestales y pr\u00e1cticas sustentables.<\/p>\n\n\n\n<p>Para finalizar, P\u00e9rez Bautista coment\u00f3 que, el equipo de Ecolog\u00eda Municipal visitar\u00e1 las localidades y trabajar\u00e1 con los delegados para tomar acuerdos y acciones que fomenten el cuidado del medio ambiente, dijo que es una prioridad de la actual administraci\u00f3n municipal que preside Juan de Dios Nochebuena Hern\u00e1ndez.<\/p>\n","protected":false},"excerpt":{"rendered":"<p>Por Salvador Altamirano\/Zunoticia Atlapexco, Hgo.- El \u00e1rea de Ecolog\u00eda Municipal, cuyo director es Jos\u00e9 de Jes\u00fas P\u00e9rez Bautista, realiz\u00f3 una reuni\u00f3n con representantes delegacionales de todas las comunidades que integran la jurisdicci\u00f3n. El evento, que se llev\u00f3 a cabo en el Auditorio Los Palillos, tuvo el prop\u00f3sito de informar a los delegados municipales sobre los&hellip; <a class=\"more-link\" href=\"https:\/\/www.zunoticia.com\/noticias-de-hidalgo\/2025\/02\/09\/ecologia-municipal-realizo-reunion-con-delegados\/\">Seguir leyendo <span class=\"screen-reader-text\">Ecolog\u00eda Municipal realiz\u00f3 reuni\u00f3n con delegados<\/span><\/a><\/p>\n","protected":false},"author":12,"featured_media":582570,"comment_status":"open","ping_status":"open","sticky":false,"template":"","format":"standard","meta":{"rop_custom_images_group":[],"rop_custom_messages_group":[],"rop_publish_now":"initial","rop_publish_now_accounts":{"facebook_10159540855086992_322828327761733":""},"rop_publish_now_history":[],"rop_publish_now_status":"pending","footnotes":""},"categories":[182],"tags":[133],"class_list":["post-582567","post","type-post","status-publish","format-standard","has-post-thumbnail","hentry","category-atlapexco","tag-atlapexco","entry"],"_links":{"self":[{"href":"https:\/\/www.zunoticia.com\/noticias-de-hidalgo\/wp-json\/wp\/v2\/posts\/582567","targetHints":{"allow":["GET"]}}],"collection":[{"href":"https:\/\/www.zunoticia.com\/noticias-de-hidalgo\/wp-json\/wp\/v2\/posts"}],"about":[{"href":"https:\/\/www.zunoticia.com\/noticias-de-hidalgo\/wp-json\/wp\/v2\/types\/post"}],"author":[{"embeddable":true,"href":"https:\/\/www.zunoticia.com\/noticias-de-hidalgo\/wp-json\/wp\/v2\/users\/12"}],"replies":[{"embeddable":true,"href":"https:\/\/www.zunoticia.com\/noticias-de-hidalgo\/wp-json\/wp\/v2\/comments?post=582567"}],"version-history":[{"count":1,"href":"https:\/\/www.zunoticia.com\/noticias-de-hidalgo\/wp-json\/wp\/v2\/posts\/582567\/revisions"}],"predecessor-version":[{"id":582574,"href":"https:\/\/www.zunoticia.com\/noticias-de-hidalgo\/wp-json\/wp\/v2\/posts\/582567\/revisions\/582574"}],"wp:featuredmedia":[{"embeddable":true,"href":"https:\/\/www.zunoticia.com\/noticias-de-hidalgo\/wp-json\/wp\/v2\/media\/582570"}],"wp:attachment":[{"href":"https:\/\/www.zunoticia.com\/noticias-de-hidalgo\/wp-json\/wp\/v2\/media?parent=582567"}],"wp:term":[{"taxonomy":"category","embeddable":true,"href":"https:\/\/www.zunoticia.com\/noticias-de-hidalgo\/wp-json\/wp\/v2\/categories?post=582567"},{"taxonomy":"post_tag","embeddable":true,"href":"https:\/\/www.zunoticia.com\/noticias-de-hidalgo\/wp-json\/wp\/v2\/tags?post=582567"}],"curies":[{"name":"wp","href":"https:\/\/api.w.org\/{rel}","templated":true}]}}