{"id":582584,"date":"2025-02-09T17:43:53","date_gmt":"2025-02-09T23:43:53","guid":{"rendered":"https:\/\/www.zunoticia.com\/noticias-de-hidalgo\/?p=582584"},"modified":"2025-02-09T17:43:54","modified_gmt":"2025-02-09T23:43:54","slug":"fatal-accidente-entre-taxi-y-camion-de-carga","status":"publish","type":"post","link":"https:\/\/www.zunoticia.com\/noticias-de-hidalgo\/2025\/02\/09\/fatal-accidente-entre-taxi-y-camion-de-carga\/","title":{"rendered":"Fatal accidente entre taxi y cami\u00f3n de carga"},"content":{"rendered":"<aside class=\"mashsb-container mashsb-main mashsb-stretched\"><div class=\"mashsb-box\"><div class=\"mashsb-count mash-large\" style=\"float:left\"><div class=\"counts mashsbcount\">0<\/div><span class=\"mashsb-sharetext\">SHARES<\/span><\/div><div class=\"mashsb-buttons\"><a class=\"mashicon-facebook mash-large mash-center mashsb-noshadow\" href=\"https:\/\/www.facebook.com\/sharer.php?u=https%3A%2F%2Fwww.zunoticia.com%2Fnoticias-de-hidalgo%2F2025%2F02%2F09%2Ffatal-accidente-entre-taxi-y-camion-de-carga%2F\" target=\"_top\" rel=\"nofollow\"><span class=\"icon\"><\/span><span class=\"text\">Share<\/span><\/a><a class=\"mashicon-twitter mash-large mash-center mashsb-noshadow\" href=\"https:\/\/twitter.com\/intent\/tweet?text=&amp;url=https:\/\/www.zunoticia.com\/noticias-de-hidalgo\/2025\/02\/09\/fatal-accidente-entre-taxi-y-camion-de-carga\/\" target=\"_top\" rel=\"nofollow\"><span class=\"icon\"><\/span><span class=\"text\">Tweet<\/span><\/a><div class=\"onoffswitch2 mash-large mashsb-noshadow\" style=\"display:none\"><\/div><\/div>\n            <\/div>\n                <div style=\"clear:both\"><\/div><div class=\"mashsb-toggle-container\"><\/div><\/aside>\n            <!-- Share buttons by mashshare.net - Version: 4.0.47-->\n<p><em>Por Jos\u00e9 Luis Romero Ruiz\/Zunoticia<\/em><\/p>\n\n\n\n<p><strong>Singuilucan, Hgo.-<\/strong> Fatal accidente entre un cami\u00f3n de carga y un autom\u00f3vil del servicio p\u00fablico en la modalidad de Taxi, el cual se impact\u00f3 en la parte trasera de del cami\u00f3n, en donde fallecieron dos personas que viajaban en este y una menor de edad result\u00f3 lesionada.<\/p>\n\n\n\n<p>La ma\u00f1ana del domingo 9 de febrero del presente a\u00f1o un auto sed\u00e1n de la marca Volkswagen del sitio de Pachuca, Hidalgo transitaba a la altura de la comunidad El Susto del municipio de Singuilucan, Hidalgo, con rumbo de Tulancingo a Pachuca.<\/p>\n\n\n\n<p>El autom\u00f3vil de alquiler con placas A \u2013 531 \u2013 FUZ del estado de Hidalgo se impact\u00f3 en la parte trasera de un cami\u00f3n Torton cargado de forraje, en donde dos personas perdieron la vida producto del impacto y una menor de edad fue trasladada de emergencia al hospital m\u00e1s cercano.<\/p>\n\n\n\n<p>Elementos de la Polic\u00eda Estatal acordonaron el \u00e1rea para evitar accidentes posteriores; por su parte, la Procuradur\u00eda General de Justicia (PGJ) del estado realiz\u00f3 las diligencias de ley para determinar las causas del brutal accidente.<\/p>\n","protected":false},"excerpt":{"rendered":"<p>Por Jos\u00e9 Luis Romero Ruiz\/Zunoticia Singuilucan, Hgo.- Fatal accidente entre un cami\u00f3n de carga y un autom\u00f3vil del servicio p\u00fablico en la modalidad de Taxi, el cual se impact\u00f3 en la parte trasera de del cami\u00f3n, en donde fallecieron dos personas que viajaban en este y una menor de edad result\u00f3 lesionada. La ma\u00f1ana del&hellip; <a class=\"more-link\" href=\"https:\/\/www.zunoticia.com\/noticias-de-hidalgo\/2025\/02\/09\/fatal-accidente-entre-taxi-y-camion-de-carga\/\">Seguir leyendo <span class=\"screen-reader-text\">Fatal accidente entre taxi y cami\u00f3n de carga<\/span><\/a><\/p>\n","protected":false},"author":12,"featured_media":582585,"comment_status":"open","ping_status":"open","sticky":false,"template":"","format":"standard","meta":{"rop_custom_images_group":[],"rop_custom_messages_group":[],"rop_publish_now":"initial","rop_publish_now_accounts":{"facebook_10159540855086992_322828327761733":""},"rop_publish_now_history":[],"rop_publish_now_status":"pending","footnotes":""},"categories":[178],"tags":[259],"class_list":["post-582584","post","type-post","status-publish","format-standard","has-post-thumbnail","hentry","category-policiaca","tag-policiaca","entry"],"_links":{"self":[{"href":"https:\/\/www.zunoticia.com\/noticias-de-hidalgo\/wp-json\/wp\/v2\/posts\/582584","targetHints":{"allow":["GET"]}}],"collection":[{"href":"https:\/\/www.zunoticia.com\/noticias-de-hidalgo\/wp-json\/wp\/v2\/posts"}],"about":[{"href":"https:\/\/www.zunoticia.com\/noticias-de-hidalgo\/wp-json\/wp\/v2\/types\/post"}],"author":[{"embeddable":true,"href":"https:\/\/www.zunoticia.com\/noticias-de-hidalgo\/wp-json\/wp\/v2\/users\/12"}],"replies":[{"embeddable":true,"href":"https:\/\/www.zunoticia.com\/noticias-de-hidalgo\/wp-json\/wp\/v2\/comments?post=582584"}],"version-history":[{"count":1,"href":"https:\/\/www.zunoticia.com\/noticias-de-hidalgo\/wp-json\/wp\/v2\/posts\/582584\/revisions"}],"predecessor-version":[{"id":582595,"href":"https:\/\/www.zunoticia.com\/noticias-de-hidalgo\/wp-json\/wp\/v2\/posts\/582584\/revisions\/582595"}],"wp:featuredmedia":[{"embeddable":true,"href":"https:\/\/www.zunoticia.com\/noticias-de-hidalgo\/wp-json\/wp\/v2\/media\/582585"}],"wp:attachment":[{"href":"https:\/\/www.zunoticia.com\/noticias-de-hidalgo\/wp-json\/wp\/v2\/media?parent=582584"}],"wp:term":[{"taxonomy":"category","embeddable":true,"href":"https:\/\/www.zunoticia.com\/noticias-de-hidalgo\/wp-json\/wp\/v2\/categories?post=582584"},{"taxonomy":"post_tag","embeddable":true,"href":"https:\/\/www.zunoticia.com\/noticias-de-hidalgo\/wp-json\/wp\/v2\/tags?post=582584"}],"curies":[{"name":"wp","href":"https:\/\/api.w.org\/{rel}","templated":true}]}}