{"id":582596,"date":"2025-02-09T17:53:40","date_gmt":"2025-02-09T23:53:40","guid":{"rendered":"https:\/\/www.zunoticia.com\/noticias-de-hidalgo\/?p=582596"},"modified":"2025-02-09T17:53:41","modified_gmt":"2025-02-09T23:53:41","slug":"acude-guillermo-amador-a-capacitacion-del-teeh-en-san-felipe","status":"publish","type":"post","link":"https:\/\/www.zunoticia.com\/noticias-de-hidalgo\/2025\/02\/09\/acude-guillermo-amador-a-capacitacion-del-teeh-en-san-felipe\/","title":{"rendered":"Acude Guillermo Amador a capacitaci\u00f3n del TEEH en San Felipe"},"content":{"rendered":"<aside class=\"mashsb-container mashsb-main mashsb-stretched\"><div class=\"mashsb-box\"><div class=\"mashsb-count mash-large\" style=\"float:left\"><div class=\"counts mashsbcount\">0<\/div><span class=\"mashsb-sharetext\">SHARES<\/span><\/div><div class=\"mashsb-buttons\"><a class=\"mashicon-facebook mash-large mash-center mashsb-noshadow\" href=\"https:\/\/www.facebook.com\/sharer.php?u=https%3A%2F%2Fwww.zunoticia.com%2Fnoticias-de-hidalgo%2F2025%2F02%2F09%2Facude-guillermo-amador-a-capacitacion-del-teeh-en-san-felipe%2F\" target=\"_top\" rel=\"nofollow\"><span class=\"icon\"><\/span><span class=\"text\">Share<\/span><\/a><a class=\"mashicon-twitter mash-large mash-center mashsb-noshadow\" href=\"https:\/\/twitter.com\/intent\/tweet?text=&amp;url=https:\/\/www.zunoticia.com\/noticias-de-hidalgo\/2025\/02\/09\/acude-guillermo-amador-a-capacitacion-del-teeh-en-san-felipe\/\" target=\"_top\" rel=\"nofollow\"><span class=\"icon\"><\/span><span class=\"text\">Tweet<\/span><\/a><div class=\"onoffswitch2 mash-large mashsb-noshadow\" style=\"display:none\"><\/div><\/div>\n            <\/div>\n                <div style=\"clear:both\"><\/div><div class=\"mashsb-toggle-container\"><\/div><\/aside>\n            <!-- Share buttons by mashshare.net - Version: 4.0.47-->\n<p><em>Por Gabriela Hern\u00e1ndez\/Zunoticia<\/em><\/p>\n\n\n\n<p><strong>Jaltoc\u00e1n, Hgo.-<\/strong> Este viernes en el municipio de San Felipe Orizatl\u00e1n se realiz\u00f3 el primer Foro \u201cDi\u00e1logos por la Democracia y la Justicia Electoral\u201d, consolid\u00e1ndose como un referente en la construcci\u00f3n de un sistema electoral m\u00e1s s\u00f3lido y transparente en Hidalgo.<\/p>\n\n\n\n<p>Fue encabezado por el Magistrado Presidente del Tribunal Electoral del Estado de Hidalgo, Leodegario Hern\u00e1ndez Cortez, en la que asisti\u00f3 el alcalde de Jaltoc\u00e1n C. Guillermo Amador Lara, acompa\u00f1ado por el profesor Daniel Amador, secretario general municipal, presidentes municipales de la Sierra y la Huasteca, regidores, l\u00edderes pol\u00edticos y ciudadan\u00eda en general.<\/p>\n\n\n\n<p>Este foro represent\u00f3 un ejercicio de confianza y transparencia, donde la voz de la Sierra y la Huasteca se hizo escuchar en favor de la justicia electoral y el respeto a los derechos pol\u00edticos de la ciudadan\u00eda.<\/p>\n\n\n\n<figure class=\"wp-block-image size-full\"><img fetchpriority=\"high\" decoding=\"async\" width=\"1040\" height=\"780\" src=\"https:\/\/www.zunoticia.com\/noticias-de-hidalgo\/wp-content\/uploads\/2025\/02\/eZy-Watermark_09-02-2025_05-19-11-7340p.m.jpg\" alt=\"\" class=\"wp-image-582586\"\/><\/figure>\n\n\n\n<p>Con la participaci\u00f3n de las autoridades de Jaltoc\u00e1n, en este foro se reafirma el compromiso del ayuntamiento municipal con la promoci\u00f3n de la justicia electoral y el fortalecimiento de los principios democr\u00e1ticos entre la poblaci\u00f3n&nbsp;del&nbsp;municipio.<\/p>\n","protected":false},"excerpt":{"rendered":"<p>Por Gabriela Hern\u00e1ndez\/Zunoticia Jaltoc\u00e1n, Hgo.- Este viernes en el municipio de San Felipe Orizatl\u00e1n se realiz\u00f3 el primer Foro \u201cDi\u00e1logos por la Democracia y la Justicia Electoral\u201d, consolid\u00e1ndose como un referente en la construcci\u00f3n de un sistema electoral m\u00e1s s\u00f3lido y transparente en Hidalgo. Fue encabezado por el Magistrado Presidente del Tribunal Electoral del Estado&hellip; <a class=\"more-link\" href=\"https:\/\/www.zunoticia.com\/noticias-de-hidalgo\/2025\/02\/09\/acude-guillermo-amador-a-capacitacion-del-teeh-en-san-felipe\/\">Seguir leyendo <span class=\"screen-reader-text\">Acude Guillermo Amador a capacitaci\u00f3n del TEEH en San Felipe<\/span><\/a><\/p>\n","protected":false},"author":12,"featured_media":582587,"comment_status":"open","ping_status":"open","sticky":false,"template":"","format":"standard","meta":{"rop_custom_images_group":[],"rop_custom_messages_group":[],"rop_publish_now":"initial","rop_publish_now_accounts":{"facebook_10159540855086992_322828327761733":""},"rop_publish_now_history":[],"rop_publish_now_status":"pending","footnotes":""},"categories":[179,200],"tags":[131],"class_list":["post-582596","post","type-post","status-publish","format-standard","has-post-thumbnail","hentry","category-huasteca","category-jaltocan","tag-jaltocan","entry"],"_links":{"self":[{"href":"https:\/\/www.zunoticia.com\/noticias-de-hidalgo\/wp-json\/wp\/v2\/posts\/582596","targetHints":{"allow":["GET"]}}],"collection":[{"href":"https:\/\/www.zunoticia.com\/noticias-de-hidalgo\/wp-json\/wp\/v2\/posts"}],"about":[{"href":"https:\/\/www.zunoticia.com\/noticias-de-hidalgo\/wp-json\/wp\/v2\/types\/post"}],"author":[{"embeddable":true,"href":"https:\/\/www.zunoticia.com\/noticias-de-hidalgo\/wp-json\/wp\/v2\/users\/12"}],"replies":[{"embeddable":true,"href":"https:\/\/www.zunoticia.com\/noticias-de-hidalgo\/wp-json\/wp\/v2\/comments?post=582596"}],"version-history":[{"count":1,"href":"https:\/\/www.zunoticia.com\/noticias-de-hidalgo\/wp-json\/wp\/v2\/posts\/582596\/revisions"}],"predecessor-version":[{"id":582598,"href":"https:\/\/www.zunoticia.com\/noticias-de-hidalgo\/wp-json\/wp\/v2\/posts\/582596\/revisions\/582598"}],"wp:featuredmedia":[{"embeddable":true,"href":"https:\/\/www.zunoticia.com\/noticias-de-hidalgo\/wp-json\/wp\/v2\/media\/582587"}],"wp:attachment":[{"href":"https:\/\/www.zunoticia.com\/noticias-de-hidalgo\/wp-json\/wp\/v2\/media?parent=582596"}],"wp:term":[{"taxonomy":"category","embeddable":true,"href":"https:\/\/www.zunoticia.com\/noticias-de-hidalgo\/wp-json\/wp\/v2\/categories?post=582596"},{"taxonomy":"post_tag","embeddable":true,"href":"https:\/\/www.zunoticia.com\/noticias-de-hidalgo\/wp-json\/wp\/v2\/tags?post=582596"}],"curies":[{"name":"wp","href":"https:\/\/api.w.org\/{rel}","templated":true}]}}