{"id":582597,"date":"2025-02-09T17:55:16","date_gmt":"2025-02-09T23:55:16","guid":{"rendered":"https:\/\/www.zunoticia.com\/noticias-de-hidalgo\/?p=582597"},"modified":"2025-02-09T18:00:22","modified_gmt":"2025-02-10T00:00:22","slug":"realizaron-entrega-de-nombramientos-a-los-delegados-auxiliares-municipales","status":"publish","type":"post","link":"https:\/\/www.zunoticia.com\/noticias-de-hidalgo\/2025\/02\/09\/realizaron-entrega-de-nombramientos-a-los-delegados-auxiliares-municipales\/","title":{"rendered":"Realizaron entrega de nombramientos a los Delegados Auxiliares Municipales"},"content":{"rendered":"<aside class=\"mashsb-container mashsb-main mashsb-stretched\"><div class=\"mashsb-box\"><div class=\"mashsb-count mash-large\" style=\"float:left\"><div class=\"counts mashsbcount\">0<\/div><span class=\"mashsb-sharetext\">SHARES<\/span><\/div><div class=\"mashsb-buttons\"><a class=\"mashicon-facebook mash-large mash-center mashsb-noshadow\" href=\"https:\/\/www.facebook.com\/sharer.php?u=https%3A%2F%2Fwww.zunoticia.com%2Fnoticias-de-hidalgo%2F2025%2F02%2F09%2Frealizaron-entrega-de-nombramientos-a-los-delegados-auxiliares-municipales%2F\" target=\"_top\" rel=\"nofollow\"><span class=\"icon\"><\/span><span class=\"text\">Share<\/span><\/a><a class=\"mashicon-twitter mash-large mash-center mashsb-noshadow\" href=\"https:\/\/twitter.com\/intent\/tweet?text=&amp;url=https:\/\/www.zunoticia.com\/noticias-de-hidalgo\/2025\/02\/09\/realizaron-entrega-de-nombramientos-a-los-delegados-auxiliares-municipales\/\" target=\"_top\" rel=\"nofollow\"><span class=\"icon\"><\/span><span class=\"text\">Tweet<\/span><\/a><div class=\"onoffswitch2 mash-large mashsb-noshadow\" style=\"display:none\"><\/div><\/div>\n            <\/div>\n                <div style=\"clear:both\"><\/div><div class=\"mashsb-toggle-container\"><\/div><\/aside>\n            <!-- Share buttons by mashshare.net - Version: 4.0.47-->\n<p><em>Por Gabriela Hern\u00e1ndez\/Zunoticia<\/em><\/p>\n\n\n\n<p><strong>Jaltoc\u00e1n, Hgo.-<\/strong> Este s\u00e1bado 8 de febrero se hizo la entrega de nombramiento a los Delegados Auxiliares Municipales de los barrios que conforman este municipio y la localidad de Vinazco.<\/p>\n\n\n\n<figure class=\"wp-block-image size-full\"><img fetchpriority=\"high\" decoding=\"async\" width=\"1080\" height=\"485\" src=\"https:\/\/www.zunoticia.com\/noticias-de-hidalgo\/wp-content\/uploads\/2025\/02\/eZy-Watermark_09-02-2025_05-20-14-7920p.m.jpg\" alt=\"\" class=\"wp-image-582588\"\/><\/figure>\n\n\n\n<p>El acto protocolario fue presidido por el alcalde C. Guillermo Amador Lara, acompa\u00f1ado por la presidenta del sistema DIF municipal, C.P. Bertha Leticia Lugo S\u00e1nchez; el secretario general municipal, Mtro. Daniel Amador Hern\u00e1ndez, regidores, elementos de Seguridad P\u00fablica, entre otras personalidades.<\/p>\n\n\n\n<figure class=\"wp-block-image size-full\"><img decoding=\"async\" width=\"1080\" height=\"485\" src=\"https:\/\/www.zunoticia.com\/noticias-de-hidalgo\/wp-content\/uploads\/2025\/02\/eZy-Watermark_09-02-2025_05-19-36-2780p.m.jpg\" alt=\"\" class=\"wp-image-582589\"\/><\/figure>\n\n\n\n<p>En su mensaje, el presidente municipal inst\u00f3 a los nuevos delegados y subdelegados a trabajar en favor de su comunidad, adem\u00e1s, resalt\u00f3 que estos personajes ser\u00e1n una pieza fundamental en el plan que se tiene para consolidar acciones en beneficio de cada uno de los barrios, para generar un cambio y garantizar el bienestar de cada uno de\u00a0los\u00a0sectores.<\/p>\n","protected":false},"excerpt":{"rendered":"<p>Por Gabriela Hern\u00e1ndez\/Zunoticia Jaltoc\u00e1n, Hgo.- Este s\u00e1bado 8 de febrero se hizo la entrega de nombramiento a los Delegados Auxiliares Municipales de los barrios que conforman este municipio y la localidad de Vinazco. El acto protocolario fue presidido por el alcalde C. Guillermo Amador Lara, acompa\u00f1ado por la presidenta del sistema DIF municipal, C.P. Bertha&hellip; <a class=\"more-link\" href=\"https:\/\/www.zunoticia.com\/noticias-de-hidalgo\/2025\/02\/09\/realizaron-entrega-de-nombramientos-a-los-delegados-auxiliares-municipales\/\">Seguir leyendo <span class=\"screen-reader-text\">Realizaron entrega de nombramientos a los Delegados Auxiliares Municipales<\/span><\/a><\/p>\n","protected":false},"author":12,"featured_media":582590,"comment_status":"open","ping_status":"open","sticky":false,"template":"","format":"standard","meta":{"rop_custom_images_group":[],"rop_custom_messages_group":[],"rop_publish_now":"initial","rop_publish_now_accounts":{"facebook_10159540855086992_322828327761733":""},"rop_publish_now_history":[],"rop_publish_now_status":"pending","footnotes":""},"categories":[179,200],"tags":[131],"class_list":["post-582597","post","type-post","status-publish","format-standard","has-post-thumbnail","hentry","category-huasteca","category-jaltocan","tag-jaltocan","entry"],"_links":{"self":[{"href":"https:\/\/www.zunoticia.com\/noticias-de-hidalgo\/wp-json\/wp\/v2\/posts\/582597","targetHints":{"allow":["GET"]}}],"collection":[{"href":"https:\/\/www.zunoticia.com\/noticias-de-hidalgo\/wp-json\/wp\/v2\/posts"}],"about":[{"href":"https:\/\/www.zunoticia.com\/noticias-de-hidalgo\/wp-json\/wp\/v2\/types\/post"}],"author":[{"embeddable":true,"href":"https:\/\/www.zunoticia.com\/noticias-de-hidalgo\/wp-json\/wp\/v2\/users\/12"}],"replies":[{"embeddable":true,"href":"https:\/\/www.zunoticia.com\/noticias-de-hidalgo\/wp-json\/wp\/v2\/comments?post=582597"}],"version-history":[{"count":2,"href":"https:\/\/www.zunoticia.com\/noticias-de-hidalgo\/wp-json\/wp\/v2\/posts\/582597\/revisions"}],"predecessor-version":[{"id":582600,"href":"https:\/\/www.zunoticia.com\/noticias-de-hidalgo\/wp-json\/wp\/v2\/posts\/582597\/revisions\/582600"}],"wp:featuredmedia":[{"embeddable":true,"href":"https:\/\/www.zunoticia.com\/noticias-de-hidalgo\/wp-json\/wp\/v2\/media\/582590"}],"wp:attachment":[{"href":"https:\/\/www.zunoticia.com\/noticias-de-hidalgo\/wp-json\/wp\/v2\/media?parent=582597"}],"wp:term":[{"taxonomy":"category","embeddable":true,"href":"https:\/\/www.zunoticia.com\/noticias-de-hidalgo\/wp-json\/wp\/v2\/categories?post=582597"},{"taxonomy":"post_tag","embeddable":true,"href":"https:\/\/www.zunoticia.com\/noticias-de-hidalgo\/wp-json\/wp\/v2\/tags?post=582597"}],"curies":[{"name":"wp","href":"https:\/\/api.w.org\/{rel}","templated":true}]}}